{"id":1106,"date":"2023-12-01T20:25:23","date_gmt":"2023-12-01T20:25:23","guid":{"rendered":"https:\/\/www.avenateandalu.com\/?p=1106"},"modified":"2023-12-22T17:15:14","modified_gmt":"2023-12-22T17:15:14","slug":"juan-jose-tellez-premio-andaluz-del-periodismo-social-alberto-almansa","status":"publish","type":"post","link":"https:\/\/www.avenateandalu.com\/index.php\/2023\/12\/01\/juan-jose-tellez-premio-andaluz-del-periodismo-social-alberto-almansa\/","title":{"rendered":"Juan Jos\u00e9 T\u00e9llez, Premio Andaluz del Periodismo Social &#8216;Alberto Almansa&#8217;."},"content":{"rendered":"\n<p>Autor: F.J.Cansino<\/p>\n\n\n\n<p>Juan Jos\u00e9 T\u00e9llez es un autor andaluz muy polifac\u00e9tico, nacido en Algeciras (C\u00e1diz) en 1958. <\/p>\n\n\n\n<p>Dentro de su obra, ha cultivado distintos g\u00e9neros literarios y dos profesiones, la de periodista y la de escritor.  Como periodista ha desarrollado su carrera en prensa escrita, radio y televisi\u00f3n. Como escritor ha diversificado, abriendo su abanico literario, entre los g\u00e9neros del ensayo, la poes\u00eda y la narrativa.<\/p>\n\n\n\n<p>Recientemente, en este 2023, ha presentado en Ja\u00e9n su libro &#8216;La Andaluc\u00eda de Miguel Hern\u00e1ndez&#8217; donde recoge una selecci\u00f3n de poemas del autor alicantino centr\u00e1ndose en la vinculaci\u00f3n de estos con lo andaluz.<\/p>\n\n\n\n<p>Tambi\u00e9n ha sido reconocido, con el Premio Andaluz del Periodismo Social Alberto Almansa por su reportaje &#8216;Algeciras, el coladero de la droga hacia Europa, que nadie consigue taponar&#8217; publicado en su columna de &#8216;El Diario&#8217; el pasado 4 de septiembre, al recoger un tema de m\u00e1xima actualidad y exponiendo claramente la falta de medios con las que los cuerpos de seguridad cuentan en esta lucha contra el narcotr\u00e1fico organizado. El premio le ha sido entregado el pasado d\u00eda 15 de noviembre.<\/p>\n\n\n\n<figure class=\"wp-block-embed is-type-video is-provider-youtube wp-block-embed-youtube wp-embed-aspect-16-9 wp-has-aspect-ratio\"><div class=\"wp-block-embed__wrapper\">\n<iframe loading=\"lazy\" title=\"JUAN JOS\u00c9 T\u00c9LLEZ\" width=\"1200\" height=\"675\" src=\"https:\/\/www.youtube.com\/embed\/0xwqkFLA5PM?feature=oembed\" frameborder=\"0\" allow=\"accelerometer; autoplay; clipboard-write; encrypted-media; gyroscope; picture-in-picture; web-share\" allowfullscreen><\/iframe>\n<\/div><\/figure>\n\n\n\n<div style=\"height:67px\" aria-hidden=\"true\" class=\"wp-block-spacer\"><\/div>\n\n\n\n<p>La obra de Juan Jos\u00e9 es extensa. Entre sus ensayos, algunos como:<\/p>\n\n\n\n<ul class=\"wp-block-list\">\n<li>Carlos Cano, una historia musical andaluza (1998, ed. ampliada en 2000)<\/li>\n\n\n\n<li>Moros en la costa (2001)<\/li>\n\n\n\n<li>Chano Lobato, memorias de C\u00e1diz (2003), en colaboraci\u00f3n con Juan Manuel Marqu\u00e9s<\/li>\n\n\n\n<li>Teor\u00eda y praxis del gadita (2008)<\/li>\n\n\n\n<li>Yanitos (2013)<\/li>\n\n\n\n<li>Paco de Luc\u00eda, el hijo de la portuguesa (2015)<\/li>\n\n\n\n<li>Mar\u00eda Zambrano, raz\u00f3n de vida (2016)<\/li>\n<\/ul>\n\n\n\n<p>Entre sus libros de poes\u00eda:<\/p>\n\n\n\n<ul class=\"wp-block-list\">\n<li>Historias del desarrollo (1978)<\/li>\n\n\n\n<li>Cr\u00f3nicas urbanas (premio Bah\u00eda, 1979)<\/li>\n\n\n\n<li>Medina y otras memorias (1981)<\/li>\n\n\n\n<li>Bamb\u00fa (1985)<\/li>\n\n\n\n<li>Daiquiri (1986)<\/li>\n\n\n\n<li>Trasatl\u00e1ntico (2000)<\/li>\n\n\n\n<li>Las causas perdidas (2005)<\/li>\n\n\n\n<li>Sonados (2008), en colaboraci\u00f3n con Tito Mu\u00f1oz.<\/li>\n\n\n\n<li>Las grandes superficies (2010). Premio Unicaja de Poes\u00eda.<\/li>\n\n\n\n<li>Los amores sucios (2021)<\/li>\n<\/ul>\n\n\n\n<p>Y en su narrativa:<\/p>\n\n\n\n<ul class=\"wp-block-list\">\n<li>Amor negro (1989)<\/li>\n\n\n\n<li>Territorio estrecho (1991)<\/li>\n\n\n\n<li>El loro p\u00e1lido (1999)<\/li>\n\n\n\n<li>Main Street (2002)<\/li>\n\n\n\n<li>Se\u00f1ora Melancol\u00eda (2007)<\/li>\n\n\n\n<li>Profundo Sur (2013)<\/li>\n<\/ul>\n\n\n\n<div style=\"height:50px\" aria-hidden=\"true\" class=\"wp-block-spacer\"><\/div>\n\n\n\n<p>La vinculaci\u00f3n con el mundo del flamenco es palpable en buena parte de sus creaciones. Desde sus ensayos, hasta sus libretos para diversos espect\u00e1culos musicales, en especial, flamencos, Espect\u00e1culos como &#8216;C\u00e1diz&#8217;, &#8216;Viajeros del Estrecho&#8217;, &#8216;Contrabandistas&#8217;, &#8216;Inmigraci\u00f3n&#8217; o &#8216;Femenino Plural&#8217;.<\/p>\n\n\n\n<p>Fue tambi\u00e9n pregonero del Carnaval de C\u00e1diz en el a\u00f1o 2016, con un preg\u00f3n recordado y autor de las letras del coro de Algeciras. Incluso en el a\u00f1o 2017, ejerci\u00f3 como presidente del jurado del Concurso Oficial de Agrupaciones Carnavalescas. Tambi\u00e9n colabor\u00f3 en los pregones de Ni\u00f1a Pastori y Joaqu\u00edn Sabina.<\/p>\n\n\n\n<div style=\"height:43px\" aria-hidden=\"true\" class=\"wp-block-spacer\"><\/div>\n\n\n\n<figure class=\"wp-block-embed is-type-video is-provider-youtube wp-block-embed-youtube wp-embed-aspect-16-9 wp-has-aspect-ratio\"><div class=\"wp-block-embed__wrapper\">\n<iframe loading=\"lazy\" title=\"Juan Jos\u00e9 T\u00e9llez Rubio. 2014\" width=\"1200\" height=\"675\" src=\"https:\/\/www.youtube.com\/embed\/txkR43ExRdA?feature=oembed\" frameborder=\"0\" allow=\"accelerometer; autoplay; clipboard-write; encrypted-media; gyroscope; picture-in-picture; web-share\" allowfullscreen><\/iframe>\n<\/div><\/figure>\n\n\n\n<div style=\"height:63px\" aria-hidden=\"true\" class=\"wp-block-spacer\"><\/div>\n\n\n\n<p>Asesor y guionista de documentales como &#8216;Mensaje en una botella&#8217; o series documentales como &#8216;Ciudades hermanas&#8217;, &#8216;La vuelta a C\u00e1diz en 80 mundos&#8217;. &#8216;El mar de la libertad&#8217; o &#8216;Andaluc\u00eda es su nombre&#8217;.<\/p>\n\n\n\n<p>Entre los a\u00f1os 2012 y 2016 fue director de programaci\u00f3n y contenidos del Centro Andaluz de las Letras, cuya direcci\u00f3n plena asumi\u00f3 para el ejercicio 2017-2021, pero el nuevo gobierno del PP, lo ces\u00f3 en sus funciones en 2019, dos a\u00f1os antes de que se agotara el plazo previsto.<\/p>\n\n\n\n<div style=\"height:71px\" aria-hidden=\"true\" class=\"wp-block-spacer\"><\/div>\n\n\n\n<p><em>Fuentes: Art\u00edculos varios del peri\u00f3dico &#8216;El Diario&#8217;, Wikipedia, Diputaci\u00f3n de C\u00e1diz.<\/em><\/p>\n\n\n\n<div style=\"height:72px\" aria-hidden=\"true\" class=\"wp-block-spacer\"><\/div>\n\n\n\n<div class=\"wp-block-buttons is-layout-flex wp-block-buttons-is-layout-flex\">\n<div class=\"wp-block-button is-style-outline is-style-outline--1\"><a class=\"wp-block-button__link has-white-color has-text-color has-background wp-element-button\" href=\"https:\/\/www.avenateandalu.com\/\" style=\"border-radius:50px;background-color:#057831\">Volver a Inicio<\/a><\/div>\n\n\n\n<div class=\"wp-block-button is-style-outline is-style-outline--2\"><a class=\"wp-block-button__link has-white-color has-text-color has-background wp-element-button\" href=\"https:\/\/www.avenateandalu.com\/index.php\/literatura-andaluza\/\" style=\"border-radius:50px;background-color:#057831\">Volver a Literatura Andaluza<\/a><\/div>\n<\/div>\n<div class=\"likebtn_container\" style=\"\"><!-- LikeBtn.com BEGIN --><span class=\"likebtn-wrapper\"  data-identifier=\"post_1106\"  data-site_id=\"658af34a943ec97271c5d7cc\"  data-lang=\"es\"  data-white_label=\"true\"  data-style=\"\"  data-unlike_allowed=\"\"  data-show_copyright=\"\"  data-item_url=\"https:\/\/www.avenateandalu.com\/index.php\/2023\/12\/01\/juan-jose-tellez-premio-andaluz-del-periodismo-social-alberto-almansa\/\"  data-item_title=\"Juan Jos\u00e9 T\u00e9llez, Premio Andaluz del Periodismo Social &#039;Alberto Almansa&#039;.\"  data-item_image=\"https:\/\/www.avenateandalu.com\/wp-content\/uploads\/2023\/12\/Juan-Jose-Tellez.jpg\"  data-item_date=\"2023-12-01T20:25:23+00:00\"  data-engine=\"WordPress\"  data-plugin_v=\"2.6.58\"  data-prx=\"https:\/\/www.avenateandalu.com\/wp-admin\/admin-ajax.php?action=likebtn_prx\"  data-event_handler=\"likebtn_eh\" ><\/span><!-- LikeBtn.com END --><\/div>","protected":false},"excerpt":{"rendered":"<p>Autor: F.J.Cansino Juan Jos\u00e9 T\u00e9llez es un autor andaluz muy polifac\u00e9tico, nacido en Algeciras (C\u00e1diz) en 1958. Dentro de su obra, ha cultivado distintos g\u00e9neros literarios y dos profesiones, la de periodista y la de escritor. Como periodista ha desarrollado su carrera en prensa escrita, radio y televisi\u00f3n. Como escritor ha diversificado, abriendo su abanico &#8230; <a title=\"Juan Jos\u00e9 T\u00e9llez, Premio Andaluz del Periodismo Social &#8216;Alberto Almansa&#8217;.\" class=\"read-more\" href=\"https:\/\/www.avenateandalu.com\/index.php\/2023\/12\/01\/juan-jose-tellez-premio-andaluz-del-periodismo-social-alberto-almansa\/\" aria-label=\"Leer m\u00e1s sobre Juan Jos\u00e9 T\u00e9llez, Premio Andaluz del Periodismo Social &#8216;Alberto Almansa&#8217;.\">Leer m\u00e1s<\/a><\/p>\n<div class=\"likebtn_container\" style=\"\"><!-- LikeBtn.com BEGIN --><span class=\"likebtn-wrapper\"  data-identifier=\"post_1106\"  data-site_id=\"658af34a943ec97271c5d7cc\"  data-lang=\"es\"  data-white_label=\"true\"  data-style=\"\"  data-unlike_allowed=\"\"  data-show_copyright=\"\"  data-item_url=\"https:\/\/www.avenateandalu.com\/index.php\/2023\/12\/01\/juan-jose-tellez-premio-andaluz-del-periodismo-social-alberto-almansa\/\"  data-item_title=\"Juan Jos\u00e9 T\u00e9llez, Premio Andaluz del Periodismo Social &#039;Alberto Almansa&#039;.\"  data-item_image=\"https:\/\/www.avenateandalu.com\/wp-content\/uploads\/2023\/12\/Juan-Jose-Tellez.jpg\"  data-item_date=\"2023-12-01T20:25:23+00:00\"  data-engine=\"WordPress\"  data-plugin_v=\"2.6.58\"  data-prx=\"https:\/\/www.avenateandalu.com\/wp-admin\/admin-ajax.php?action=likebtn_prx\"  data-event_handler=\"likebtn_eh\" ><\/span><!-- LikeBtn.com END --><\/div>","protected":false},"author":1,"featured_media":1113,"comment_status":"open","ping_status":"open","sticky":false,"template":"","format":"standard","meta":{"_eb_attr":"","footnotes":""},"categories":[53,37],"tags":[45,43,44],"class_list":["post-1106","post","type-post","status-publish","format-standard","has-post-thumbnail","hentry","category-anteriores","category-literatura","tag-centroandaluzdelasletras","tag-literatura","tag-periodismo"],"rttpg_featured_image_url":{"full":["https:\/\/www.avenateandalu.com\/wp-content\/uploads\/2023\/12\/Juan-Jose-Tellez.jpg",282,179,false],"landscape":["https:\/\/www.avenateandalu.com\/wp-content\/uploads\/2023\/12\/Juan-Jose-Tellez.jpg",282,179,false],"portraits":["https:\/\/www.avenateandalu.com\/wp-content\/uploads\/2023\/12\/Juan-Jose-Tellez.jpg",282,179,false],"thumbnail":["https:\/\/www.avenateandalu.com\/wp-content\/uploads\/2023\/12\/Juan-Jose-Tellez-150x150.jpg",150,150,true],"medium":["https:\/\/www.avenateandalu.com\/wp-content\/uploads\/2023\/12\/Juan-Jose-Tellez.jpg",282,179,false],"large":["https:\/\/www.avenateandalu.com\/wp-content\/uploads\/2023\/12\/Juan-Jose-Tellez.jpg",282,179,false],"1536x1536":["https:\/\/www.avenateandalu.com\/wp-content\/uploads\/2023\/12\/Juan-Jose-Tellez.jpg",282,179,false],"2048x2048":["https:\/\/www.avenateandalu.com\/wp-content\/uploads\/2023\/12\/Juan-Jose-Tellez.jpg",282,179,false]},"rttpg_author":{"display_name":"Avenate Andal\u00fa","author_link":"https:\/\/www.avenateandalu.com\/index.php\/author\/admin\/"},"rttpg_comment":0,"rttpg_category":"<a href=\"https:\/\/www.avenateandalu.com\/index.php\/category\/anteriores\/\" rel=\"category tag\">ANTERIORES<\/a> <a href=\"https:\/\/www.avenateandalu.com\/index.php\/category\/literatura\/\" rel=\"category tag\">LITERATURA<\/a>","rttpg_excerpt":"Autor: F.J.Cansino Juan Jos\u00e9 T\u00e9llez es un autor andaluz muy polifac\u00e9tico, nacido en Algeciras (C\u00e1diz) en 1958. Dentro de su obra, ha cultivado distintos g\u00e9neros literarios y dos profesiones, la de periodista y la de escritor. Como periodista ha desarrollado su carrera en prensa escrita, radio y televisi\u00f3n. Como escritor ha diversificado, abriendo su abanico&hellip;","_links":{"self":[{"href":"https:\/\/www.avenateandalu.com\/index.php\/wp-json\/wp\/v2\/posts\/1106","targetHints":{"allow":["GET"]}}],"collection":[{"href":"https:\/\/www.avenateandalu.com\/index.php\/wp-json\/wp\/v2\/posts"}],"about":[{"href":"https:\/\/www.avenateandalu.com\/index.php\/wp-json\/wp\/v2\/types\/post"}],"author":[{"embeddable":true,"href":"https:\/\/www.avenateandalu.com\/index.php\/wp-json\/wp\/v2\/users\/1"}],"replies":[{"embeddable":true,"href":"https:\/\/www.avenateandalu.com\/index.php\/wp-json\/wp\/v2\/comments?post=1106"}],"version-history":[{"count":11,"href":"https:\/\/www.avenateandalu.com\/index.php\/wp-json\/wp\/v2\/posts\/1106\/revisions"}],"predecessor-version":[{"id":1127,"href":"https:\/\/www.avenateandalu.com\/index.php\/wp-json\/wp\/v2\/posts\/1106\/revisions\/1127"}],"wp:featuredmedia":[{"embeddable":true,"href":"https:\/\/www.avenateandalu.com\/index.php\/wp-json\/wp\/v2\/media\/1113"}],"wp:attachment":[{"href":"https:\/\/www.avenateandalu.com\/index.php\/wp-json\/wp\/v2\/media?parent=1106"}],"wp:term":[{"taxonomy":"category","embeddable":true,"href":"https:\/\/www.avenateandalu.com\/index.php\/wp-json\/wp\/v2\/categories?post=1106"},{"taxonomy":"post_tag","embeddable":true,"href":"https:\/\/www.avenateandalu.com\/index.php\/wp-json\/wp\/v2\/tags?post=1106"}],"curies":[{"name":"wp","href":"https:\/\/api.w.org\/{rel}","templated":true}]}}