{"id":1356,"date":"2023-12-07T20:23:50","date_gmt":"2023-12-07T20:23:50","guid":{"rendered":"https:\/\/www.avenateandalu.com\/?p=1356"},"modified":"2025-05-01T19:26:16","modified_gmt":"2025-05-01T19:26:16","slug":"madinat-al-zahra-el-centro-del-poder-califal","status":"publish","type":"post","link":"https:\/\/www.avenateandalu.com\/index.php\/2023\/12\/07\/madinat-al-zahra-el-centro-del-poder-califal\/","title":{"rendered":"Madinat Al-Zahra, el Centro del Poder Califal."},"content":{"rendered":"\n<p>Madinat Al-Zahra, la Ciudad Brillante. Muestra de esplendor del Califato Omeya de Al-\u00c1ndalus. <\/p>\n\n\n\n<p>Construida a los pies de Sierra Morena por orden del primer califa andalus\u00ed, Abd al-Rahman III, su historia arranca entre los a\u00f1os 936-940 y se prolongar\u00eda durante varias fases de construcci\u00f3n, que llegar\u00edan a completarse durante el reinado de su primog\u00e9nito Al-Hakam II.<\/p>\n\n\n\n<p>Ubicada a unos 8 kms de C\u00f3rdoba capital, en direcci\u00f3n noroeste, supon\u00eda un emplazamiento palatino desde el que el califa ejerc\u00eda la direcci\u00f3n de Al-\u00c1ndalus, cumpliendo su cometido como jefe pol\u00edtico y religioso del estado m\u00e1s poderoso de la pen\u00ednsula ib\u00e9rica.<\/p>\n\n\n\n<div style=\"height:65px\" aria-hidden=\"true\" class=\"wp-block-spacer\"><\/div>\n\n\n\n<figure class=\"wp-block-embed is-type-video is-provider-youtube wp-block-embed-youtube wp-embed-aspect-16-9 wp-has-aspect-ratio\"><div class=\"wp-block-embed__wrapper\">\n<iframe loading=\"lazy\" title=\"Madinat Al-Zahra, la ciudad brillante.\" width=\"1200\" height=\"675\" src=\"https:\/\/www.youtube.com\/embed\/uk4kKI5hT4M?feature=oembed\" frameborder=\"0\" allow=\"accelerometer; autoplay; clipboard-write; encrypted-media; gyroscope; picture-in-picture; web-share\" allowfullscreen><\/iframe>\n<\/div><\/figure>\n\n\n\n<div style=\"height:100px\" aria-hidden=\"true\" class=\"wp-block-spacer\"><\/div>\n\n\n\n<div class=\"wp-block-buttons is-layout-flex wp-block-buttons-is-layout-flex\">\n<div class=\"wp-block-button is-style-outline is-style-outline--1\"><a class=\"wp-block-button__link has-white-color has-text-color has-background wp-element-button\" href=\"https:\/\/www.avenateandalu.com\/\" style=\"border-radius:50px;background-color:#057831\">Volver a Inicio<\/a><\/div>\n\n\n\n<div class=\"wp-block-button is-style-outline is-style-outline--2\"><a class=\"wp-block-button__link has-white-color has-text-color has-background wp-element-button\" href=\"https:\/\/www.avenateandalu.com\/index.php\/historia-andaluza\/\" style=\"border-radius:50px;background-color:#057831\">Volver a Historia Andaluza<\/a><\/div>\n<\/div>\n<div class=\"likebtn_container\" style=\"\"><!-- LikeBtn.com BEGIN --><span class=\"likebtn-wrapper\"  data-identifier=\"post_1356\"  data-site_id=\"658af34a943ec97271c5d7cc\"  data-lang=\"es\"  data-white_label=\"true\"  data-style=\"\"  data-unlike_allowed=\"\"  data-show_copyright=\"\"  data-item_url=\"https:\/\/www.avenateandalu.com\/index.php\/2023\/12\/07\/madinat-al-zahra-el-centro-del-poder-califal\/\"  data-item_title=\"Madinat Al-Zahra, el Centro del Poder Califal.\"  data-item_image=\"https:\/\/www.avenateandalu.com\/wp-content\/uploads\/2023\/12\/medina-azahara22.jpg\"  data-item_date=\"2023-12-07T20:23:50+00:00\"  data-engine=\"WordPress\"  data-plugin_v=\"2.6.58\"  data-prx=\"https:\/\/www.avenateandalu.com\/wp-admin\/admin-ajax.php?action=likebtn_prx\"  data-event_handler=\"likebtn_eh\" ><\/span><!-- LikeBtn.com END --><\/div>","protected":false},"excerpt":{"rendered":"<p>Madinat Al-Zahra, la Ciudad Brillante. Muestra de esplendor del Califato Omeya de Al-\u00c1ndalus. Construida a los pies de Sierra Morena por orden del primer califa andalus\u00ed, Abd al-Rahman III, su historia arranca entre los a\u00f1os 936-940 y se prolongar\u00eda durante varias fases de construcci\u00f3n, que llegar\u00edan a completarse durante el reinado de su primog\u00e9nito Al-Hakam &#8230; <a title=\"Madinat Al-Zahra, el Centro del Poder Califal.\" class=\"read-more\" href=\"https:\/\/www.avenateandalu.com\/index.php\/2023\/12\/07\/madinat-al-zahra-el-centro-del-poder-califal\/\" aria-label=\"Leer m\u00e1s sobre Madinat Al-Zahra, el Centro del Poder Califal.\">Leer m\u00e1s<\/a><\/p>\n<div class=\"likebtn_container\" style=\"\"><!-- LikeBtn.com BEGIN --><span class=\"likebtn-wrapper\"  data-identifier=\"post_1356\"  data-site_id=\"658af34a943ec97271c5d7cc\"  data-lang=\"es\"  data-white_label=\"true\"  data-style=\"\"  data-unlike_allowed=\"\"  data-show_copyright=\"\"  data-item_url=\"https:\/\/www.avenateandalu.com\/index.php\/2023\/12\/07\/madinat-al-zahra-el-centro-del-poder-califal\/\"  data-item_title=\"Madinat Al-Zahra, el Centro del Poder Califal.\"  data-item_image=\"https:\/\/www.avenateandalu.com\/wp-content\/uploads\/2023\/12\/medina-azahara22.jpg\"  data-item_date=\"2023-12-07T20:23:50+00:00\"  data-engine=\"WordPress\"  data-plugin_v=\"2.6.58\"  data-prx=\"https:\/\/www.avenateandalu.com\/wp-admin\/admin-ajax.php?action=likebtn_prx\"  data-event_handler=\"likebtn_eh\" ><\/span><!-- LikeBtn.com END --><\/div>","protected":false},"author":1,"featured_media":1359,"comment_status":"open","ping_status":"open","sticky":false,"template":"","format":"standard","meta":{"_eb_attr":"","footnotes":""},"categories":[294],"tags":[],"class_list":["post-1356","post","type-post","status-publish","format-standard","has-post-thumbnail","hentry","category-bqh010525"],"rttpg_featured_image_url":{"full":["https:\/\/www.avenateandalu.com\/wp-content\/uploads\/2023\/12\/medina-azahara22.jpg",660,365,false],"landscape":["https:\/\/www.avenateandalu.com\/wp-content\/uploads\/2023\/12\/medina-azahara22.jpg",660,365,false],"portraits":["https:\/\/www.avenateandalu.com\/wp-content\/uploads\/2023\/12\/medina-azahara22.jpg",660,365,false],"thumbnail":["https:\/\/www.avenateandalu.com\/wp-content\/uploads\/2023\/12\/medina-azahara22-150x150.jpg",150,150,true],"medium":["https:\/\/www.avenateandalu.com\/wp-content\/uploads\/2023\/12\/medina-azahara22-300x166.jpg",300,166,true],"large":["https:\/\/www.avenateandalu.com\/wp-content\/uploads\/2023\/12\/medina-azahara22.jpg",660,365,false],"1536x1536":["https:\/\/www.avenateandalu.com\/wp-content\/uploads\/2023\/12\/medina-azahara22.jpg",660,365,false],"2048x2048":["https:\/\/www.avenateandalu.com\/wp-content\/uploads\/2023\/12\/medina-azahara22.jpg",660,365,false]},"rttpg_author":{"display_name":"Avenate Andal\u00fa","author_link":"https:\/\/www.avenateandalu.com\/index.php\/author\/admin\/"},"rttpg_comment":0,"rttpg_category":"<a href=\"https:\/\/www.avenateandalu.com\/index.php\/category\/bqh010525\/\" rel=\"category tag\">BQH010525<\/a>","rttpg_excerpt":"Madinat Al-Zahra, la Ciudad Brillante. Muestra de esplendor del Califato Omeya de Al-\u00c1ndalus. Construida a los pies de Sierra Morena por orden del primer califa andalus\u00ed, Abd al-Rahman III, su historia arranca entre los a\u00f1os 936-940 y se prolongar\u00eda durante varias fases de construcci\u00f3n, que llegar\u00edan a completarse durante el reinado de su primog\u00e9nito Al-Hakam&hellip;","_links":{"self":[{"href":"https:\/\/www.avenateandalu.com\/index.php\/wp-json\/wp\/v2\/posts\/1356","targetHints":{"allow":["GET"]}}],"collection":[{"href":"https:\/\/www.avenateandalu.com\/index.php\/wp-json\/wp\/v2\/posts"}],"about":[{"href":"https:\/\/www.avenateandalu.com\/index.php\/wp-json\/wp\/v2\/types\/post"}],"author":[{"embeddable":true,"href":"https:\/\/www.avenateandalu.com\/index.php\/wp-json\/wp\/v2\/users\/1"}],"replies":[{"embeddable":true,"href":"https:\/\/www.avenateandalu.com\/index.php\/wp-json\/wp\/v2\/comments?post=1356"}],"version-history":[{"count":3,"href":"https:\/\/www.avenateandalu.com\/index.php\/wp-json\/wp\/v2\/posts\/1356\/revisions"}],"predecessor-version":[{"id":1370,"href":"https:\/\/www.avenateandalu.com\/index.php\/wp-json\/wp\/v2\/posts\/1356\/revisions\/1370"}],"wp:featuredmedia":[{"embeddable":true,"href":"https:\/\/www.avenateandalu.com\/index.php\/wp-json\/wp\/v2\/media\/1359"}],"wp:attachment":[{"href":"https:\/\/www.avenateandalu.com\/index.php\/wp-json\/wp\/v2\/media?parent=1356"}],"wp:term":[{"taxonomy":"category","embeddable":true,"href":"https:\/\/www.avenateandalu.com\/index.php\/wp-json\/wp\/v2\/categories?post=1356"},{"taxonomy":"post_tag","embeddable":true,"href":"https:\/\/www.avenateandalu.com\/index.php\/wp-json\/wp\/v2\/tags?post=1356"}],"curies":[{"name":"wp","href":"https:\/\/api.w.org\/{rel}","templated":true}]}}