{"id":1526,"date":"2023-12-13T18:18:09","date_gmt":"2023-12-13T18:18:09","guid":{"rendered":"https:\/\/www.avenateandalu.com\/?p=1526"},"modified":"2023-12-22T19:39:41","modified_gmt":"2023-12-22T19:39:41","slug":"enrique-morente-o-la-ruptura-creativa","status":"publish","type":"post","link":"https:\/\/www.avenateandalu.com\/index.php\/2023\/12\/13\/enrique-morente-o-la-ruptura-creativa\/","title":{"rendered":"Enrique Morente, o la Ruptura Creativa"},"content":{"rendered":"\n<p>13 a\u00f1os hace que nos dej\u00f3 Enrique Morente, cantaor andaluz, un d\u00eda como hoy.<\/p>\n\n\n\n<p>Conocedor de los C\u00e1nones Cl\u00e1sicos del Flamenco, el maestro granaino busc\u00f3 una evoluci\u00f3n de su arte, investigando, innovando e incorporando nuevas tecnolog\u00edas, creando un estilo propio y personal\u00edsimo, en su mezcla con las ra\u00edces flamencas de siempre. Un &#8216;genio rompedor&#8217; que con su obra, no hizo sino abrir nuevas v\u00edas de crecimiento para el propio Arte, para el propio Flamenco.<\/p>\n\n\n\n<p>Aqu\u00ed, en nuestro art\u00edculo, queremos recuperar una muestra de su esencia, de su mentalidad abierta, de su figura, habilmente recogida en este maravilloso documental, &#8216;Buscando Miradas&#8217;, dirigido por el profesor On\u00e9simo Hern\u00e1ndez, gran divulgador del Flamenco.<\/p>\n\n\n\n<p>No os perd\u00e1is el detalle del maestro marcando el comp\u00e1s en el m\u00e1stil del aerogenerador. Morente en esencia pura.<\/p>\n\n\n\n<p>Para entender la obra de Enrique, hay que percibir, hay que conectar con su car\u00e1cter creador, y sin duda, en este documental se respira en cada fotograma.<\/p>\n\n\n\n<div style=\"height:55px\" aria-hidden=\"true\" class=\"wp-block-spacer\"><\/div>\n\n\n\n<figure class=\"wp-block-embed is-type-video is-provider-youtube wp-block-embed-youtube wp-embed-aspect-4-3 wp-has-aspect-ratio\"><div class=\"wp-block-embed__wrapper\">\n<iframe loading=\"lazy\" title=\"Enrique Morente: Buscando Miradas (Versi\u00f3n \u00edntegra)\" width=\"1200\" height=\"900\" src=\"https:\/\/www.youtube.com\/embed\/T6KWHQt4a9w?feature=oembed\" frameborder=\"0\" allow=\"accelerometer; autoplay; clipboard-write; encrypted-media; gyroscope; picture-in-picture; web-share\" allowfullscreen><\/iframe>\n<\/div><\/figure>\n\n\n\n<div style=\"height:100px\" aria-hidden=\"true\" class=\"wp-block-spacer\"><\/div>\n\n\n\n<p>Fuentes: Documental Dirigido por On\u00e9simo Hern\u00e1ndez (Youtube) \/ Foto Portada: TimeOut.es<\/p>\n\n\n\n<div class=\"wp-block-buttons is-layout-flex wp-block-buttons-is-layout-flex\">\n<div class=\"wp-block-button is-style-outline is-style-outline--1\"><a class=\"wp-block-button__link has-white-color has-text-color has-background wp-element-button\" href=\"https:\/\/www.avenateandalu.com\/\" style=\"border-radius:50px;background-color:#057831\">Volver a Inicio<\/a><\/div>\n\n\n\n<div class=\"wp-block-button is-style-outline is-style-outline--2\"><a class=\"wp-block-button__link has-white-color has-text-color has-background wp-element-button\" href=\"https:\/\/www.avenateandalu.com\/index.php\/musica-andaluza-2\/\" style=\"border-radius:50px;background-color:#057831\">Volver a M\u00fasica Andaluza<\/a><\/div>\n<\/div>\n<div class=\"likebtn_container\" style=\"\"><!-- LikeBtn.com BEGIN --><span class=\"likebtn-wrapper\"  data-identifier=\"post_1526\"  data-site_id=\"658af34a943ec97271c5d7cc\"  data-lang=\"es\"  data-white_label=\"true\"  data-style=\"\"  data-unlike_allowed=\"\"  data-show_copyright=\"\"  data-item_url=\"https:\/\/www.avenateandalu.com\/index.php\/2023\/12\/13\/enrique-morente-o-la-ruptura-creativa\/\"  data-item_title=\"Enrique Morente, o la Ruptura Creativa\"  data-item_image=\"https:\/\/www.avenateandalu.com\/wp-content\/uploads\/2023\/12\/EnriqueMorente2023.jpg\"  data-item_date=\"2023-12-13T18:18:09+00:00\"  data-engine=\"WordPress\"  data-plugin_v=\"2.6.58\"  data-prx=\"https:\/\/www.avenateandalu.com\/wp-admin\/admin-ajax.php?action=likebtn_prx\"  data-event_handler=\"likebtn_eh\" ><\/span><!-- LikeBtn.com END --><\/div>","protected":false},"excerpt":{"rendered":"<p>13 a\u00f1os hace que nos dej\u00f3 Enrique Morente, cantaor andaluz, un d\u00eda como hoy. Conocedor de los C\u00e1nones Cl\u00e1sicos del Flamenco, el maestro granaino busc\u00f3 una evoluci\u00f3n de su arte, investigando, innovando e incorporando nuevas tecnolog\u00edas, creando un estilo propio y personal\u00edsimo, en su mezcla con las ra\u00edces flamencas de siempre. Un &#8216;genio rompedor&#8217; que &#8230; <a title=\"Enrique Morente, o la Ruptura Creativa\" class=\"read-more\" href=\"https:\/\/www.avenateandalu.com\/index.php\/2023\/12\/13\/enrique-morente-o-la-ruptura-creativa\/\" aria-label=\"Leer m\u00e1s sobre Enrique Morente, o la Ruptura Creativa\">Leer m\u00e1s<\/a><\/p>\n<div class=\"likebtn_container\" style=\"\"><!-- LikeBtn.com BEGIN --><span class=\"likebtn-wrapper\"  data-identifier=\"post_1526\"  data-site_id=\"658af34a943ec97271c5d7cc\"  data-lang=\"es\"  data-white_label=\"true\"  data-style=\"\"  data-unlike_allowed=\"\"  data-show_copyright=\"\"  data-item_url=\"https:\/\/www.avenateandalu.com\/index.php\/2023\/12\/13\/enrique-morente-o-la-ruptura-creativa\/\"  data-item_title=\"Enrique Morente, o la Ruptura Creativa\"  data-item_image=\"https:\/\/www.avenateandalu.com\/wp-content\/uploads\/2023\/12\/EnriqueMorente2023.jpg\"  data-item_date=\"2023-12-13T18:18:09+00:00\"  data-engine=\"WordPress\"  data-plugin_v=\"2.6.58\"  data-prx=\"https:\/\/www.avenateandalu.com\/wp-admin\/admin-ajax.php?action=likebtn_prx\"  data-event_handler=\"likebtn_eh\" ><\/span><!-- LikeBtn.com END --><\/div>","protected":false},"author":1,"featured_media":1532,"comment_status":"open","ping_status":"open","sticky":false,"template":"","format":"standard","meta":{"_eb_attr":"","footnotes":""},"categories":[101,54],"tags":[71,72,70,73],"class_list":["post-1526","post","type-post","status-publish","format-standard","has-post-thumbnail","hentry","category-mas-actualidad","category-musica","tag-cantaor-granaino","tag-flamenco","tag-genio-andaluz","tag-innovacion-creativa"],"rttpg_featured_image_url":{"full":["https:\/\/www.avenateandalu.com\/wp-content\/uploads\/2023\/12\/EnriqueMorente2023.jpg",750,422,false],"landscape":["https:\/\/www.avenateandalu.com\/wp-content\/uploads\/2023\/12\/EnriqueMorente2023.jpg",750,422,false],"portraits":["https:\/\/www.avenateandalu.com\/wp-content\/uploads\/2023\/12\/EnriqueMorente2023.jpg",750,422,false],"thumbnail":["https:\/\/www.avenateandalu.com\/wp-content\/uploads\/2023\/12\/EnriqueMorente2023-150x150.jpg",150,150,true],"medium":["https:\/\/www.avenateandalu.com\/wp-content\/uploads\/2023\/12\/EnriqueMorente2023-300x169.jpg",300,169,true],"large":["https:\/\/www.avenateandalu.com\/wp-content\/uploads\/2023\/12\/EnriqueMorente2023.jpg",750,422,false],"1536x1536":["https:\/\/www.avenateandalu.com\/wp-content\/uploads\/2023\/12\/EnriqueMorente2023.jpg",750,422,false],"2048x2048":["https:\/\/www.avenateandalu.com\/wp-content\/uploads\/2023\/12\/EnriqueMorente2023.jpg",750,422,false]},"rttpg_author":{"display_name":"Avenate Andal\u00fa","author_link":"https:\/\/www.avenateandalu.com\/index.php\/author\/admin\/"},"rttpg_comment":0,"rttpg_category":"<a href=\"https:\/\/www.avenateandalu.com\/index.php\/category\/mas-actualidad\/\" rel=\"category tag\">M\u00c1S ACTUALIDAD<\/a> <a href=\"https:\/\/www.avenateandalu.com\/index.php\/category\/musica\/\" rel=\"category tag\">M\u00daSICA<\/a>","rttpg_excerpt":"13 a\u00f1os hace que nos dej\u00f3 Enrique Morente, cantaor andaluz, un d\u00eda como hoy. Conocedor de los C\u00e1nones Cl\u00e1sicos del Flamenco, el maestro granaino busc\u00f3 una evoluci\u00f3n de su arte, investigando, innovando e incorporando nuevas tecnolog\u00edas, creando un estilo propio y personal\u00edsimo, en su mezcla con las ra\u00edces flamencas de siempre. Un &#8216;genio rompedor&#8217; que&hellip;","_links":{"self":[{"href":"https:\/\/www.avenateandalu.com\/index.php\/wp-json\/wp\/v2\/posts\/1526","targetHints":{"allow":["GET"]}}],"collection":[{"href":"https:\/\/www.avenateandalu.com\/index.php\/wp-json\/wp\/v2\/posts"}],"about":[{"href":"https:\/\/www.avenateandalu.com\/index.php\/wp-json\/wp\/v2\/types\/post"}],"author":[{"embeddable":true,"href":"https:\/\/www.avenateandalu.com\/index.php\/wp-json\/wp\/v2\/users\/1"}],"replies":[{"embeddable":true,"href":"https:\/\/www.avenateandalu.com\/index.php\/wp-json\/wp\/v2\/comments?post=1526"}],"version-history":[{"count":7,"href":"https:\/\/www.avenateandalu.com\/index.php\/wp-json\/wp\/v2\/posts\/1526\/revisions"}],"predecessor-version":[{"id":1534,"href":"https:\/\/www.avenateandalu.com\/index.php\/wp-json\/wp\/v2\/posts\/1526\/revisions\/1534"}],"wp:featuredmedia":[{"embeddable":true,"href":"https:\/\/www.avenateandalu.com\/index.php\/wp-json\/wp\/v2\/media\/1532"}],"wp:attachment":[{"href":"https:\/\/www.avenateandalu.com\/index.php\/wp-json\/wp\/v2\/media?parent=1526"}],"wp:term":[{"taxonomy":"category","embeddable":true,"href":"https:\/\/www.avenateandalu.com\/index.php\/wp-json\/wp\/v2\/categories?post=1526"},{"taxonomy":"post_tag","embeddable":true,"href":"https:\/\/www.avenateandalu.com\/index.php\/wp-json\/wp\/v2\/tags?post=1526"}],"curies":[{"name":"wp","href":"https:\/\/api.w.org\/{rel}","templated":true}]}}