{"id":1535,"date":"2023-12-13T20:53:45","date_gmt":"2023-12-13T20:53:45","guid":{"rendered":"https:\/\/www.avenateandalu.com\/?p=1535"},"modified":"2023-12-28T20:00:52","modified_gmt":"2023-12-28T20:00:52","slug":"los-compadres-o-su-mundoficcion","status":"publish","type":"post","link":"https:\/\/www.avenateandalu.com\/index.php\/2023\/12\/13\/los-compadres-o-su-mundoficcion\/","title":{"rendered":"Los Compadres o su MundoFicci\u00f3n"},"content":{"rendered":"\n<p>La productora andaluza MundoFicci\u00f3n recibe el Premio Industria ASECAN (Asociaci\u00f3n de Escritoras y Escritores Cinematogr\u00e1ficos de Andaluc\u00eda) en este a\u00f1o 2023. Este galard\u00f3n al Cine Andaluz, le ser\u00e1 entregado el pr\u00f3ximo viernes, 15 de diciembre, en su 36\u00aa gala. <\/p>\n\n\n\n<p>Casualmente, 15 son los a\u00f1os, aproximadamente, que Rafi y Fali, en el mundo imaginario creado por ellos mismos, Alfonso S\u00e1nchez y Alberto L\u00f3pez en la vida real, llevan haci\u00e9ndonos pasar el d\u00eda a d\u00eda un poquito mejor. Captaron nuestra atenci\u00f3n empezando en la red, con sus personajes t\u00edpicos en la sociedad andaluza (junto a los compadres, como olvidar a El Culebra y El Cabesa, o a Roque y Vladi), para luego dar el salto a la peque\u00f1a y la gran pantalla, con producciones modestas en lo econ\u00f3mico, pero siempre geniales en su mensajes diluidos en el humor.<\/p>\n\n\n\n<div style=\"height:43px\" aria-hidden=\"true\" class=\"wp-block-spacer\"><\/div>\n\n\n\n<div class=\"wp-block-columns is-layout-flex wp-container-core-columns-is-layout-9d6595d7 wp-block-columns-is-layout-flex\">\n<div class=\"wp-block-column is-layout-flow wp-block-column-is-layout-flow\">\n<figure class=\"wp-block-embed is-type-video is-provider-youtube wp-block-embed-youtube wp-embed-aspect-4-3 wp-has-aspect-ratio\"><div class=\"wp-block-embed__wrapper\">\n<iframe loading=\"lazy\" title=\"ESO ES ASI\" width=\"1200\" height=\"900\" src=\"https:\/\/www.youtube.com\/embed\/kyxjboYHvM8?feature=oembed\" frameborder=\"0\" allow=\"accelerometer; autoplay; clipboard-write; encrypted-media; gyroscope; picture-in-picture; web-share\" allowfullscreen><\/iframe>\n<\/div><\/figure>\n<\/div>\n\n\n\n<div class=\"wp-block-column is-layout-flow wp-block-column-is-layout-flow\">\n<figure class=\"wp-block-embed is-type-video is-provider-youtube wp-block-embed-youtube wp-embed-aspect-4-3 wp-has-aspect-ratio\"><div class=\"wp-block-embed__wrapper\">\n<iframe loading=\"lazy\" title=\"ESTO YA NO ES LO QUE ERA\" width=\"1200\" height=\"900\" src=\"https:\/\/www.youtube.com\/embed\/7e8w9HZgw9c?feature=oembed\" frameborder=\"0\" allow=\"accelerometer; autoplay; clipboard-write; encrypted-media; gyroscope; picture-in-picture; web-share\" allowfullscreen><\/iframe>\n<\/div><\/figure>\n<\/div>\n\n\n\n<div class=\"wp-block-column is-layout-flow wp-block-column-is-layout-flow\">\n<figure class=\"wp-block-embed is-type-video is-provider-youtube wp-block-embed-youtube wp-embed-aspect-4-3 wp-has-aspect-ratio\"><div class=\"wp-block-embed__wrapper\">\n<iframe loading=\"lazy\" title=\"AQUELLO ERA OTRA COSA\" width=\"1200\" height=\"900\" src=\"https:\/\/www.youtube.com\/embed\/tU7LlBiBOic?feature=oembed\" frameborder=\"0\" allow=\"accelerometer; autoplay; clipboard-write; encrypted-media; gyroscope; picture-in-picture; web-share\" allowfullscreen><\/iframe>\n<\/div><\/figure>\n<\/div>\n<\/div>\n\n\n\n<div style=\"height:49px\" aria-hidden=\"true\" class=\"wp-block-spacer\"><\/div>\n\n\n\n<p>Producciones que han conectado con el p\u00fablico por su simpat\u00eda y cr\u00edtica directa de nuestra sociedad actual, as\u00ed como de los arquetipos que encontramos en ella. Creaciones que siempre partieron de una misma referencia: &#8216;MundoFicci\u00f3n Producciones&#8217;.<\/p>\n\n\n\n<p>Si bien el peso de la representaci\u00f3n de sus personajes se reparte al 50% entre Alfonso y Alberto, como pareja art\u00edstica, en lo que se refiere a la producci\u00f3n y a &#8216;MundoFicci\u00f3n Producciones&#8217;, la responsabilidad principal recae sobre Alfonso, que fund\u00f3 la empresa en el a\u00f1o 2001, con s\u00f3lo 23 a\u00f1os. Son m\u00e1s de 20 a\u00f1os los que alberga esta productora cinematogr\u00e1fica que ha crecido desde entonces incorporando un elenco de profesionales de primer nivel, pero sobre todo impulsada por la qu\u00edmica que siempre se respira entre los dos actores.<\/p>\n\n\n\n<div style=\"height:38px\" aria-hidden=\"true\" class=\"wp-block-spacer\"><\/div>\n\n\n\n<figure class=\"wp-block-embed is-type-video is-provider-youtube wp-block-embed-youtube wp-embed-aspect-16-9 wp-has-aspect-ratio\"><div class=\"wp-block-embed__wrapper\">\n<iframe loading=\"lazy\" title=\"El Mundo Es Vuestro (2022) Tr\u00e1iler Oficial Espa\u00f1ol\" width=\"1200\" height=\"675\" src=\"https:\/\/www.youtube.com\/embed\/Z70jbAI99mk?feature=oembed\" frameborder=\"0\" allow=\"accelerometer; autoplay; clipboard-write; encrypted-media; gyroscope; picture-in-picture; web-share\" allowfullscreen><\/iframe>\n<\/div><\/figure>\n\n\n\n<div style=\"height:64px\" aria-hidden=\"true\" class=\"wp-block-spacer\"><\/div>\n\n\n\n<p>Alfonso S\u00e1nchez desarrolla las funciones de director, guionista y productor en MundoFicci\u00f3n Producciones, que adem\u00e1s cuenta con Agus Jim\u00e9nez, como productora ejecutiva, Mar\u00eda Cancio, como directora de producci\u00f3n y Mas\u00e9 Moreno, como Distribuidora Teatral. <\/p>\n\n\n\n<p>El premio &#8216;Industria&#8217; se le concede a esta productora, como bien se indica en la propia web de ASECAN por su&nbsp;compromiso con la producci\u00f3n de pel\u00edculas con valor de pantalla, pensadas para el disfrute del p\u00fablico desde la comedia, y por su decidida tarea en la promoci\u00f3n de sus historias, con un arraigado componente andaluz y una demostrada preocupaci\u00f3n por generar industria audiovisual y riqueza en el territorio.<\/p>\n\n\n\n<div style=\"height:42px\" aria-hidden=\"true\" class=\"wp-block-spacer\"><\/div>\n\n\n\n<figure class=\"wp-block-image size-full\"><img loading=\"lazy\" decoding=\"async\" width=\"400\" height=\"234\" src=\"https:\/\/www.avenateandalu.com\/wp-content\/uploads\/2023\/12\/logo-mundo-ficcion.png\" alt=\"\" class=\"wp-image-1541\" srcset=\"https:\/\/www.avenateandalu.com\/wp-content\/uploads\/2023\/12\/logo-mundo-ficcion.png 400w, https:\/\/www.avenateandalu.com\/wp-content\/uploads\/2023\/12\/logo-mundo-ficcion-300x176.png 300w\" sizes=\"auto, (max-width: 400px) 100vw, 400px\" \/><\/figure>\n\n\n\n<div style=\"height:60px\" aria-hidden=\"true\" class=\"wp-block-spacer\"><\/div>\n\n\n\n<p>En su web, un lema muy claro: \u00abExportamos talento andaluz a nivel nacional e internacional\u00bb<\/p>\n\n\n\n<p>&nbsp;MundoFicci\u00f3n Producciones atesora t\u00edtulos como \u2018El mundo es nuestro\u2019, \u2018El mundo es suyo\u2019 \u2018El mundo es vuestro\u2019, \u2018Para toda la muerte\u2019,&nbsp;&#8216;SuperAgente Makey&#8217;&nbsp;o, m\u00e1s recientemente, \u2018Sembrando sue\u00f1os\u2019.<\/p>\n\n\n\n<p>Pero tambi\u00e9n cuenta con creaciones teatrales como &#8216;Patente de Corso&#8217;, &#8216;Compadres para Siempre&#8217;, &#8216;Somos Carajotes&#8217;, &#8216;Cosas de Ni\u00f1os&#8217; y su &#8216;Homenaje a los \u00c1lvarez Quintero&#8217;.<\/p>\n\n\n\n<p>Precisamente, Alfonso S\u00e1nchez qued\u00f3 sorprendido al descubrir tras la obra y trayectoria de los hermanos Alvarez Quintero, a las verdaderas personas que hab\u00eda detr\u00e1s, y de ah\u00ed nace precisamente su \u00faltima producci\u00f3n, que \u00e9l mismo dirige, que gira en torno al mundo de los maravillosos autores utreranos. De ah\u00ed surge &#8216;Sembrando sue\u00f1os&#8217;, a la que queremos desear, desde Avenate Andal\u00fa, toda la suerte del Mundo.<\/p>\n\n\n\n<p>\u00a1Enhorabuena MundoFicci\u00f3n Producciones!<\/p>\n\n\n\n<div style=\"height:43px\" aria-hidden=\"true\" class=\"wp-block-spacer\"><\/div>\n\n\n\n<figure class=\"wp-block-embed is-type-video is-provider-youtube wp-block-embed-youtube wp-embed-aspect-16-9 wp-has-aspect-ratio\"><div class=\"wp-block-embed__wrapper\">\n<iframe loading=\"lazy\" title=\"Entrevista con ALFONSO S\u00c1NCHEZ, director de &#039;&#039;SEMBRANDO SUE\u00d1OS&#039; #SEFF2023\" width=\"1200\" height=\"675\" src=\"https:\/\/www.youtube.com\/embed\/9tGnQEo2BZc?feature=oembed\" frameborder=\"0\" allow=\"accelerometer; autoplay; clipboard-write; encrypted-media; gyroscope; picture-in-picture; web-share\" allowfullscreen><\/iframe>\n<\/div><\/figure>\n\n\n\n<div style=\"height:30px\" aria-hidden=\"true\" class=\"wp-block-spacer\"><\/div>\n\n\n\n<div class=\"wp-block-buttons is-layout-flex wp-block-buttons-is-layout-flex\">\n<div class=\"wp-block-button\"><a class=\"wp-block-button__link has-base-3-color has-cool-to-warm-spectrum-gradient-background has-text-color has-background has-link-color wp-element-button\" href=\"https:\/\/mundoficcion.com\/\" target=\"_blank\" rel=\"noreferrer noopener\">Enlace a MundoFicci\u00f3n Producciones<\/a><\/div>\n<\/div>\n\n\n\n<div style=\"height:48px\" aria-hidden=\"true\" class=\"wp-block-spacer\"><\/div>\n\n\n\n<p>Fuentes: Kin\u00f3tico (Entrevista a Alfonso S\u00e1nchez &#8211; Youtube) \/ Web MundoFicci\u00f3n Producciones \/ Web ASECAN.<\/p>\n\n\n\n<div style=\"height:77px\" aria-hidden=\"true\" class=\"wp-block-spacer\"><\/div>\n\n\n\n<div class=\"wp-block-buttons is-layout-flex wp-block-buttons-is-layout-flex\">\n<div class=\"wp-block-button is-style-outline is-style-outline--1\"><a class=\"wp-block-button__link has-white-color has-text-color has-background wp-element-button\" href=\"https:\/\/www.avenateandalu.com\/\" style=\"border-radius:50px;background-color:#057831\">Volver a Inicio<\/a><\/div>\n\n\n\n<div class=\"wp-block-button is-style-outline is-style-outline--2\"><a class=\"wp-block-button__link has-white-color has-text-color has-background wp-element-button\" href=\"https:\/\/www.avenateandalu.com\/index.php\/cine-andaluz-2\/\" style=\"border-radius:50px;background-color:#057831\">Volver a Cine Andaluz<\/a><\/div>\n<\/div>\n<div class=\"likebtn_container\" style=\"\"><!-- LikeBtn.com BEGIN --><span class=\"likebtn-wrapper\"  data-identifier=\"post_1535\"  data-site_id=\"658af34a943ec97271c5d7cc\"  data-lang=\"es\"  data-white_label=\"true\"  data-style=\"\"  data-unlike_allowed=\"\"  data-show_copyright=\"\"  data-item_url=\"https:\/\/www.avenateandalu.com\/index.php\/2023\/12\/13\/los-compadres-o-su-mundoficcion\/\"  data-item_title=\"Los Compadres o su MundoFicci\u00f3n\"  data-item_image=\"https:\/\/www.avenateandalu.com\/wp-content\/uploads\/2023\/12\/mundoficcion-web-1024x682.jpeg\"  data-item_date=\"2023-12-13T20:53:45+00:00\"  data-engine=\"WordPress\"  data-plugin_v=\"2.6.58\"  data-prx=\"https:\/\/www.avenateandalu.com\/wp-admin\/admin-ajax.php?action=likebtn_prx\"  data-event_handler=\"likebtn_eh\" ><\/span><!-- LikeBtn.com END --><\/div>","protected":false},"excerpt":{"rendered":"<p>La productora andaluza MundoFicci\u00f3n recibe el Premio Industria ASECAN (Asociaci\u00f3n de Escritoras y Escritores Cinematogr\u00e1ficos de Andaluc\u00eda) en este a\u00f1o 2023. Este galard\u00f3n al Cine Andaluz, le ser\u00e1 entregado el pr\u00f3ximo viernes, 15 de diciembre, en su 36\u00aa gala. Casualmente, 15 son los a\u00f1os, aproximadamente, que Rafi y Fali, en el mundo imaginario creado por &#8230; <a title=\"Los Compadres o su MundoFicci\u00f3n\" class=\"read-more\" href=\"https:\/\/www.avenateandalu.com\/index.php\/2023\/12\/13\/los-compadres-o-su-mundoficcion\/\" aria-label=\"Leer m\u00e1s sobre Los Compadres o su MundoFicci\u00f3n\">Leer m\u00e1s<\/a><\/p>\n<div class=\"likebtn_container\" style=\"\"><!-- LikeBtn.com BEGIN --><span class=\"likebtn-wrapper\"  data-identifier=\"post_1535\"  data-site_id=\"658af34a943ec97271c5d7cc\"  data-lang=\"es\"  data-white_label=\"true\"  data-style=\"\"  data-unlike_allowed=\"\"  data-show_copyright=\"\"  data-item_url=\"https:\/\/www.avenateandalu.com\/index.php\/2023\/12\/13\/los-compadres-o-su-mundoficcion\/\"  data-item_title=\"Los Compadres o su MundoFicci\u00f3n\"  data-item_image=\"https:\/\/www.avenateandalu.com\/wp-content\/uploads\/2023\/12\/mundoficcion-web-1024x682.jpeg\"  data-item_date=\"2023-12-13T20:53:45+00:00\"  data-engine=\"WordPress\"  data-plugin_v=\"2.6.58\"  data-prx=\"https:\/\/www.avenateandalu.com\/wp-admin\/admin-ajax.php?action=likebtn_prx\"  data-event_handler=\"likebtn_eh\" ><\/span><!-- LikeBtn.com END --><\/div>","protected":false},"author":1,"featured_media":1537,"comment_status":"open","ping_status":"open","sticky":false,"template":"","format":"standard","meta":{"_eb_attr":"","footnotes":""},"categories":[24],"tags":[80,77,78],"class_list":["post-1535","post","type-post","status-publish","format-standard","has-post-thumbnail","hentry","category-cine","tag-andaluciadecine-2","tag-creadoresandaluces","tag-mundoficcion-producciones-2"],"rttpg_featured_image_url":{"full":["https:\/\/www.avenateandalu.com\/wp-content\/uploads\/2023\/12\/mundoficcion-web.jpeg",1600,1066,false],"landscape":["https:\/\/www.avenateandalu.com\/wp-content\/uploads\/2023\/12\/mundoficcion-web.jpeg",1600,1066,false],"portraits":["https:\/\/www.avenateandalu.com\/wp-content\/uploads\/2023\/12\/mundoficcion-web.jpeg",1600,1066,false],"thumbnail":["https:\/\/www.avenateandalu.com\/wp-content\/uploads\/2023\/12\/mundoficcion-web-150x150.jpeg",150,150,true],"medium":["https:\/\/www.avenateandalu.com\/wp-content\/uploads\/2023\/12\/mundoficcion-web-300x200.jpeg",300,200,true],"large":["https:\/\/www.avenateandalu.com\/wp-content\/uploads\/2023\/12\/mundoficcion-web-1024x682.jpeg",1024,682,true],"1536x1536":["https:\/\/www.avenateandalu.com\/wp-content\/uploads\/2023\/12\/mundoficcion-web-1536x1023.jpeg",1536,1023,true],"2048x2048":["https:\/\/www.avenateandalu.com\/wp-content\/uploads\/2023\/12\/mundoficcion-web.jpeg",1600,1066,false]},"rttpg_author":{"display_name":"Avenate Andal\u00fa","author_link":"https:\/\/www.avenateandalu.com\/index.php\/author\/admin\/"},"rttpg_comment":0,"rttpg_category":"<a href=\"https:\/\/www.avenateandalu.com\/index.php\/category\/cine\/\" rel=\"category tag\">CINE<\/a>","rttpg_excerpt":"La productora andaluza MundoFicci\u00f3n recibe el Premio Industria ASECAN (Asociaci\u00f3n de Escritoras y Escritores Cinematogr\u00e1ficos de Andaluc\u00eda) en este a\u00f1o 2023. Este galard\u00f3n al Cine Andaluz, le ser\u00e1 entregado el pr\u00f3ximo viernes, 15 de diciembre, en su 36\u00aa gala. Casualmente, 15 son los a\u00f1os, aproximadamente, que Rafi y Fali, en el mundo imaginario creado por&hellip;","_links":{"self":[{"href":"https:\/\/www.avenateandalu.com\/index.php\/wp-json\/wp\/v2\/posts\/1535","targetHints":{"allow":["GET"]}}],"collection":[{"href":"https:\/\/www.avenateandalu.com\/index.php\/wp-json\/wp\/v2\/posts"}],"about":[{"href":"https:\/\/www.avenateandalu.com\/index.php\/wp-json\/wp\/v2\/types\/post"}],"author":[{"embeddable":true,"href":"https:\/\/www.avenateandalu.com\/index.php\/wp-json\/wp\/v2\/users\/1"}],"replies":[{"embeddable":true,"href":"https:\/\/www.avenateandalu.com\/index.php\/wp-json\/wp\/v2\/comments?post=1535"}],"version-history":[{"count":8,"href":"https:\/\/www.avenateandalu.com\/index.php\/wp-json\/wp\/v2\/posts\/1535\/revisions"}],"predecessor-version":[{"id":1545,"href":"https:\/\/www.avenateandalu.com\/index.php\/wp-json\/wp\/v2\/posts\/1535\/revisions\/1545"}],"wp:featuredmedia":[{"embeddable":true,"href":"https:\/\/www.avenateandalu.com\/index.php\/wp-json\/wp\/v2\/media\/1537"}],"wp:attachment":[{"href":"https:\/\/www.avenateandalu.com\/index.php\/wp-json\/wp\/v2\/media?parent=1535"}],"wp:term":[{"taxonomy":"category","embeddable":true,"href":"https:\/\/www.avenateandalu.com\/index.php\/wp-json\/wp\/v2\/categories?post=1535"},{"taxonomy":"post_tag","embeddable":true,"href":"https:\/\/www.avenateandalu.com\/index.php\/wp-json\/wp\/v2\/tags?post=1535"}],"curies":[{"name":"wp","href":"https:\/\/api.w.org\/{rel}","templated":true}]}}