{"id":4222,"date":"2024-05-12T19:46:58","date_gmt":"2024-05-12T19:46:58","guid":{"rendered":"https:\/\/www.avenateandalu.com\/?p=4222"},"modified":"2024-05-14T17:20:34","modified_gmt":"2024-05-14T17:20:34","slug":"chaves-nogales-el-aventurero-periodista-andaluz-perdido-en-la-turbulencia-de-la-historia","status":"publish","type":"post","link":"https:\/\/www.avenateandalu.com\/index.php\/2024\/05\/12\/chaves-nogales-el-aventurero-periodista-andaluz-perdido-en-la-turbulencia-de-la-historia\/","title":{"rendered":"Chaves Nogales, el aventurero periodista andaluz perdido en la turbulencia de la Historia"},"content":{"rendered":"\n<p>Aqu\u00ed en Andaluc\u00eda somos muy dados al olvido. Cuando escarbamos en el pasado, encontramos aut\u00e9nticas joyas andaluzas, personas que pese a tener una vida de pel\u00edcula, han ca\u00eddo en el olvido.<\/p>\n\n\n\n<p>Adem\u00e1s, si a esto sumamos que, por alguna extra\u00f1a raz\u00f3n, en Andaluc\u00eda siempre se antepone lo de fuera de nuestras fronteras a lo de dentro, con un inexplicable criterio de infravalorar la importancia de nuestros y nuestras protagonistas andaluzas, no causa sorpresa que figuras como la de Manuel Chaves Nogales no sean conocidas y mucho menos valoradas.<\/p>\n\n\n\n<p>No os vamos a enga\u00f1ar. Nos incluimos entre esos ignorantes de una vida de aventura que se desarroll\u00f3 en la turbulencia de la Historia de Andaluc\u00eda, Espa\u00f1a y Europa.<\/p>\n\n\n\n<p>Pero cuando te adentras, descubres una vida corta, pero intensa y apasionante.<\/p>\n\n\n\n<p>Sab\u00e9is que en esta Espa\u00f1a, todo se sigue mirando con el filtro rojo o azul. Los dos cristales que ti\u00f1en toda la realidad que nos rodea. Por supuesto, tambi\u00e9n la realidad andaluza. Sin embargo, desde Avenate Andal\u00fa preferimos verlo con el filtro del cristal verde y blanco.<\/p>\n\n\n\n<p>Chaves Nogales se puso en medio de todo esto. Y como periodista objetivo puso toda su vida en escribir sobre la turbulenta realidad que le toc\u00f3 vivir: los acontecimientos vividos en la 2\u00aa Rep\u00fablica, la Revoluci\u00f3n en Rusia, el Golpe de Estado militar en Espa\u00f1a, la Guerra Civil, la extensi\u00f3n del fascismo por Europa, el estallido de la 2\u00aaGuerra Mundial, la ocupaci\u00f3n de Francia,\u2026<\/p>\n\n\n\n<p>Afirma el historiador Francisco C\u00e1novas en un art\u00edculo del peri\u00f3dico \u2018El Norte de Castilla\u2019 que: \u201cLos radicales de derecha e izquierda despreciaron a Chaves Nogales porque les dej\u00f3 desnudos\u201d.<\/p>\n\n\n\n<p>De modo que hoy en d\u00eda, ning\u00fan bando pol\u00edtico deber\u00eda adue\u00f1arse interesadamente, como siempre, de la vida y obra de un sevillano, de un andaluz, que con su m\u00e1quina de escribir supo plasmar los excesos y errores de una realidad convulsa y violenta, donde los extremos y luchas de poder chocaban una y otra vez, provocando el sufrimiento atroz de la poblaci\u00f3n civil.<\/p>\n\n\n\n<div style=\"height:19px\" aria-hidden=\"true\" class=\"wp-block-spacer\"><\/div>\n\n\n<div class=\"wp-block-image\">\n<figure class=\"aligncenter size-full\"><img loading=\"lazy\" decoding=\"async\" width=\"675\" height=\"400\" src=\"https:\/\/www.avenateandalu.com\/wp-content\/uploads\/2024\/05\/Chaves_nogales_004_ElCorreoDeAndalucia.jpg\" alt=\"\" class=\"wp-image-4226\" srcset=\"https:\/\/www.avenateandalu.com\/wp-content\/uploads\/2024\/05\/Chaves_nogales_004_ElCorreoDeAndalucia.jpg 675w, https:\/\/www.avenateandalu.com\/wp-content\/uploads\/2024\/05\/Chaves_nogales_004_ElCorreoDeAndalucia-300x178.jpg 300w\" sizes=\"auto, (max-width: 675px) 100vw, 675px\" \/><figcaption class=\"wp-element-caption\">Chaves Nogales en una de las redacciones que dirigi\u00f3. Fotograf\u00eda de El Correo de Andaluc\u00eda.<\/figcaption><\/figure>\n<\/div>\n\n\n<div style=\"height:31px\" aria-hidden=\"true\" class=\"wp-block-spacer\"><\/div>\n\n\n\n<p>Hijo de un escritor miembro de la Real Academia Sevillana de Buenas Letras, Manuel Chaves Rey, y de una concertista de piano, Pilar Nogales, Manuel Jacinto Jos\u00e9 Domingo Chaves Nogales nace en el n\u00famero 11 de la calle Due\u00f1as de Sevilla, un 7 de agosto de 1897.<\/p>\n\n\n\n<p>Tras la muerte de su padre en 1914, la familia pasa una delicada situaci\u00f3n econ\u00f3mica justo cuando Manuel se encontraba cursando estudios en la Facultad de Filosof\u00eda y Letras de la Universidad de Sevilla. Comienza a colaborar en la prensa local y continua desarrollando la Cr\u00f3nica abreviada o Registro de sucesos de la ciudad de Sevilla de 1913 y 1914 que hab\u00eda comenzado su padre.<\/p>\n\n\n\n<p>En 1915 ya es redactor en \u2018El Liberal\u2019, peri\u00f3dico donde tambi\u00e9n escrib\u00eda su padre, y en 1920 dirige el peri\u00f3dico liberal sevillano \u2018La Noche\u2019. En ese mismo a\u00f1o, colabora con el peri\u00f3dico de \u00e1mbito nacional \u2018El Sol\u2019, con art\u00edculos sobre el movimiento obrero sevillano.<\/p>\n\n\n\n<p>Ser\u00e1 en este a\u00f1o cuando contrae matrimonio con Ana P\u00e9rez Ruiz.<\/p>\n\n\n\n<div style=\"height:25px\" aria-hidden=\"true\" class=\"wp-block-spacer\"><\/div>\n\n\n<div class=\"wp-block-image\">\n<figure class=\"aligncenter size-full\"><img loading=\"lazy\" decoding=\"async\" width=\"330\" height=\"456\" src=\"https:\/\/www.avenateandalu.com\/wp-content\/uploads\/2024\/05\/Chaves_nogales_002.jpg\" alt=\"\" class=\"wp-image-4227\" srcset=\"https:\/\/www.avenateandalu.com\/wp-content\/uploads\/2024\/05\/Chaves_nogales_002.jpg 330w, https:\/\/www.avenateandalu.com\/wp-content\/uploads\/2024\/05\/Chaves_nogales_002-217x300.jpg 217w\" sizes=\"auto, (max-width: 330px) 100vw, 330px\" \/><figcaption class=\"wp-element-caption\">Ana y Manuel.<\/figcaption><\/figure>\n<\/div>\n\n\n<div style=\"height:20px\" aria-hidden=\"true\" class=\"wp-block-spacer\"><\/div>\n\n\n\n<p>Por estas fechas forma parte de una obra colectiva titulada \u2018Quien no vio Sevilla\u2026\u201d , en la que tambi\u00e9n participan Alejandro Guichot, los hermanos \u00c1lvarez Quintero y Luis Montoto. Esta aportaci\u00f3n servir\u00e1 de base para su ensayo \u2018La ciudad\u2019.<\/p>\n\n\n\n<p>Se traslada a C\u00f3rdoba y trabaja como redactor en el nuevo diario \u2018La Voz\u2019, aunque sigue colaborando con el diario \u2018El Sol\u2019 de Madrid y retoma su colaboraci\u00f3n con el tambi\u00e9n peri\u00f3dico madrile\u00f1o, \u2018El Liberal\u2019.<\/p>\n\n\n\n<p>Como tantas y tantos andaluces, en 1922 se instala en Madrid, con su mujer y la hija de ambos, Pilar. Escribe, para el Heraldo de Madrid, escritos sueltos y puntuales, como \u201cDe Andaluc\u00eda: El cante hondo, serio y transcendente\u201d.<\/p>\n\n\n\n<p>Durante estos a\u00f1os desarrolla colaboraciones diversas en revistas como Mercurio, Espa\u00f1a y La Esfera, as\u00ed&nbsp; como publicaciones de cuentos y art\u00edculos varios.<\/p>\n\n\n\n<p>En 1923, comienza la dictadura de Primo de Rivera, durante la que se impone la censura de prensa y escritura, aunque \u00e9sta \u00faltima se retirar\u00e1 antes que la primera.<\/p>\n\n\n\n<p>En 1924, Manuel Chaves Nogales ya es redactor en \u2018El Heraldo de Madrid\u2019, donde escribe el art\u00edculo \u201cEn defensa de la propiedad intelectual. Los eternos fraudes editoriales.\u201d, donde critica la censura.<\/p>\n\n\n\n<p>Tras a\u00f1os de publicaciones diversas, en 1927, para este mismo peri\u00f3dico, \u2018El Heraldo de Madrid\u2019, cubrir\u00e1 desde Andaluc\u00eda todos los actos derivados de la traves\u00eda realizada desde Palos de la Frontera hasta Buenos Aires, por el hidroavi\u00f3n Plus Ultra, pilotado por Ram\u00f3n Franco, Julio Ruiz de Alda, Juan Manuel Dur\u00e1n y Pablo Rada. Ser\u00e1 en Andaluc\u00eda, en Palos de la Frontera, donde a su regreso, el rey Alfonso XIII los reciba con todos los honores en Huelva.<\/p>\n\n\n\n<p>En referencia a estos acontecimientos, Chaves Nogales escribe varios art\u00edculos sobre la gesta conseguida por los aviadores y, curiosamente, en uno de ellos \u2018Los h\u00e9roes de un d\u00eda y los h\u00e9roes de veinte a\u00f1os\u2019 (7 de abril) habla sobre los obreros que hab\u00edan realizado la corta de Tablada en el r\u00edo Guadalquivir en los a\u00f1os anteriores.<\/p>\n\n\n\n<div style=\"height:25px\" aria-hidden=\"true\" class=\"wp-block-spacer\"><\/div>\n\n\n\n<figure class=\"wp-block-gallery has-nested-images columns-default is-cropped wp-block-gallery-1 is-layout-flex wp-block-gallery-is-layout-flex\">\n<figure class=\"wp-block-image size-large\"><img loading=\"lazy\" decoding=\"async\" width=\"330\" height=\"201\" data-id=\"4228\" src=\"https:\/\/www.avenateandalu.com\/wp-content\/uploads\/2024\/05\/330px-PlusUtraPalos.jpg\" alt=\"\" class=\"wp-image-4228\" srcset=\"https:\/\/www.avenateandalu.com\/wp-content\/uploads\/2024\/05\/330px-PlusUtraPalos.jpg 330w, https:\/\/www.avenateandalu.com\/wp-content\/uploads\/2024\/05\/330px-PlusUtraPalos-300x183.jpg 300w\" sizes=\"auto, (max-width: 330px) 100vw, 330px\" \/><\/figure>\n\n\n\n<figure class=\"wp-block-image size-large\"><img loading=\"lazy\" decoding=\"async\" width=\"330\" height=\"237\" data-id=\"4229\" src=\"https:\/\/www.avenateandalu.com\/wp-content\/uploads\/2024\/05\/330px-Tripul_Plus_Ultra.jpg\" alt=\"\" class=\"wp-image-4229\" srcset=\"https:\/\/www.avenateandalu.com\/wp-content\/uploads\/2024\/05\/330px-Tripul_Plus_Ultra.jpg 330w, https:\/\/www.avenateandalu.com\/wp-content\/uploads\/2024\/05\/330px-Tripul_Plus_Ultra-300x215.jpg 300w\" sizes=\"auto, (max-width: 330px) 100vw, 330px\" \/><figcaption class=\"wp-element-caption\">OLYMPUS DIGITAL CAMERA<\/figcaption><\/figure>\n<\/figure>\n\n\n\n<div style=\"height:22px\" aria-hidden=\"true\" class=\"wp-block-spacer\"><\/div>\n\n\n\n<p>Chaves Nogales, al igual que otros intelectuales de su \u00e9poca, tambi\u00e9n se hizo mas\u00f3n, entrando a formar parte de la Logia \u201cDant\u00f3n\u201d de Madrid, perteneciente a la Gran Logia Regional del Centro, donde adopt\u00f3 el nombre de \u201cLarra\u201d.<\/p>\n\n\n\n<p>En febrero de 1928, alegando un homenaje a Blasco Ib\u00e1\u00f1ez, se celebraron reuniones de republicanos en diversos lugares de Madrid, con la asistencia de Manuel Aza\u00f1a, Nicol\u00e1s Salmer\u00f3n, Alejandro Lerroux y Manuel Chaves Nogales, entre otros.<\/p>\n\n\n\n<p>En 1928 alterna la realizaci\u00f3n de art\u00edculos a personalidades de la \u00e9poca, como su entrevista al ministro franc\u00e9s Anatole de Monzie, con trabajos como su reportaje en el sur de Francia sobre la situaci\u00f3n de los exiliados pol\u00edticos y de los trabajadores espa\u00f1oles emigrados, si bien este \u00faltimo ser\u00eda censurado.<\/p>\n\n\n\n<p>Desde \u2018El Heraldo de Madrid\u2019, en el verano de 1928, le encargan que en diferentes viajes vaya cubriendo las noticias m\u00e1s destacadas de Europa, incluyendo tambi\u00e9n Rusia. Fruto de esos viajes por Francia, Alemania, Italia y Rusia, y para evitar la censura (todav\u00eda vigente para los peri\u00f3dicos, pero ya no para los libros), publica \u201cLa vuelta a Europa en avi\u00f3n. Un peque\u00f1o burgu\u00e9s en la Rusia roja\u201d. En este libro, en una cr\u00f3nica dedicada a Mijail Kalinin, escribe:<\/p>\n\n\n\n<p>\u201cEsta farsa que los monarcas y los presidentes de todo el mundo quieren ensayar cuando se dirigen llanamente a sus s\u00fabditos m\u00e1s humildes para conquistarse un poco de popularidad es siempre una torpe bufonada. A trav\u00e9s de las palabras amables del magnate se ve siempre un fondo insincero\u201d.<\/p>\n\n\n\n<div style=\"height:21px\" aria-hidden=\"true\" class=\"wp-block-spacer\"><\/div>\n\n\n<div class=\"wp-block-image\">\n<figure class=\"aligncenter size-full\"><img loading=\"lazy\" decoding=\"async\" width=\"327\" height=\"442\" src=\"https:\/\/www.avenateandalu.com\/wp-content\/uploads\/2024\/05\/Chaves_nogales_006_DiarioSevilla.jpg\" alt=\"\" class=\"wp-image-4230\" srcset=\"https:\/\/www.avenateandalu.com\/wp-content\/uploads\/2024\/05\/Chaves_nogales_006_DiarioSevilla.jpg 327w, https:\/\/www.avenateandalu.com\/wp-content\/uploads\/2024\/05\/Chaves_nogales_006_DiarioSevilla-222x300.jpg 222w\" sizes=\"auto, (max-width: 327px) 100vw, 327px\" \/><figcaption class=\"wp-element-caption\">Chaves Nogales en bicicleta, Fotograf\u00eda de Diario de Sevilla.<\/figcaption><\/figure>\n<\/div>\n\n\n<div style=\"height:28px\" aria-hidden=\"true\" class=\"wp-block-spacer\"><\/div>\n\n\n\n<p>En estas cr\u00f3nicas, derivadas de sus viajes por Europa, Manuel Chaves Nogales recoge como Espa\u00f1a no sab\u00eda manejarse en pol\u00edtica internacional, que los pol\u00edticos evitaban el di\u00e1logo como forma adulta de relaci\u00f3n y que el pa\u00eds estaba aislado en su \u2018casticismo\u2019.<\/p>\n\n\n\n<p>Tras cubrir el levantamiento militar contra Miguel Primo de Rivera, en 1929 ser\u00e1 criticado duramente por otro periodista, Mariano Benlliure y Tuero, que lo acus\u00f3 de esconder opiniones pol\u00edticas y religiosas. Manuel contesta en un primer momento alegando que la suya era la actitud de unos informadores amenos y discretos. La pol\u00e9mica se extender\u00e1 en el tiempo hasta que finalmente Chaves Nogales zanja el asunto, acus\u00e1ndo a Mariano Benlliure de Quijote y sablista.<\/p>\n\n\n\n<p>En este mismo a\u00f1o 1929, Manuel pasa a ser corresponsal en Par\u00eds de \u2018El Heraldo de Madrid\u2019, donde cubre una aventura amorosa de Aga Khan y Andr\u00e9e Caron y, entre otros, la presencia espa\u00f1ola en la Exposici\u00f3n Internacional de Escultura de Par\u00eds. &nbsp;Con este art\u00edculo acaba su colaboraci\u00f3n con el peri\u00f3dico madrile\u00f1o.<\/p>\n\n\n\n<p>En 1930, publica en la revista \u2018Estampa\u2019 el art\u00edculo \u2018Los Flamencos de Par\u00eds\u2019. En Montmartre, sede del mundo flamenco emigrado a la capital parisina, informa sobre un bailar\u00edn flamenco al que conoce en el Cabaret Sevilla de Par\u00eds.<\/p>\n\n\n\n<p>Bajo el t\u00edtulo \u2018El maestro Juan Mart\u00ednez\u2019 redacta varios reportajes novelados sobre las vivencias del bailar\u00edn flamenco, como protagonista ante la Revoluci\u00f3n Rusa de 1917, y la posterior guerra civil que la sucedi\u00f3.<\/p>\n\n\n\n<p>Ese mismo a\u00f1o, Chaves Nogales cubre la visita de Alfonso XIII a Londres, tambi\u00e9n para la revista \u2018Estampa\u2019. Luis Montiel Balanzat, propietario de la revista \u2018Estampa\u2019 se desplaza a Par\u00eds y lo contrata como redactor jefe de su diario \u2018Ahora\u2019.<\/p>\n\n\n\n<p>La revoluci\u00f3n rusa provoc\u00f3 dos millones de exiliados, Chaves aprovecha su estancia en Par\u00eds para entrevistar a muchos de ellos y las recoger\u00e1 en una serie de reportajes publicados a comienzos de 1931 en el diario \u2018Ahora\u2019 bajo el ep\u00edgrafe \u2018Lo que ha quedado del imperio de los zares\u2019. Posteriormente ser\u00edan recogidos en un libro con el mismo nombre, que llegar\u00eda a ser publicado incluso en Brasil bajo el nombre \u2018As ruinas do Imperio ruso\u2019.<\/p>\n\n\n\n<p>Como redactor del diario \u2018Ahora\u2019, estrecha los lazos con personajes de la talla de P\u00edo Baroja, Juan Belmonte y, su amigo, Manuel Aza\u00f1a.<\/p>\n\n\n\n<p>Cuando se proclama la Segunda Rep\u00fablica, el 14 de abril de 1931, el diario \u2018Ahora\u2019 que hab\u00eda tenido una trayectoria mon\u00e1rquica pasa a apoyar a la Rep\u00fablica, adoptando una postura centrada y moderada.<\/p>\n\n\n\n<div style=\"height:23px\" aria-hidden=\"true\" class=\"wp-block-spacer\"><\/div>\n\n\n<div class=\"wp-block-image\">\n<figure class=\"aligncenter size-full\"><img loading=\"lazy\" decoding=\"async\" width=\"657\" height=\"473\" src=\"https:\/\/www.avenateandalu.com\/wp-content\/uploads\/2024\/05\/Chaves_nogales_005_ElMundo.jpg\" alt=\"\" class=\"wp-image-4231\" srcset=\"https:\/\/www.avenateandalu.com\/wp-content\/uploads\/2024\/05\/Chaves_nogales_005_ElMundo.jpg 657w, https:\/\/www.avenateandalu.com\/wp-content\/uploads\/2024\/05\/Chaves_nogales_005_ElMundo-300x216.jpg 300w\" sizes=\"auto, (max-width: 657px) 100vw, 657px\" \/><figcaption class=\"wp-element-caption\">Chaves Nogales en Ifni. Fotograf\u00eda de diario El Mundo.<\/figcaption><\/figure>\n<\/div>\n\n\n<div style=\"height:28px\" aria-hidden=\"true\" class=\"wp-block-spacer\"><\/div>\n\n\n\n<p>Chaves Nogales entrevistar\u00e1 en \u2018Ahora\u2019 a personajes relevantes de esa Segunda Rep\u00fablica. Pasar\u00e1n por su diario: Manuel Aza\u00f1a, Largo Caballero, Alejandro Lerroux, Fernando de los R\u00edos, Marcelino Domingo, Niceto Alcal\u00e1-Zamora, Francesc Maci\u00e1.<\/p>\n\n\n\n<p>Pero como periodista valedor de su profesi\u00f3n, Chaves Nogales, jefe de la redacci\u00f3n del diario \u2018Ahora\u2019 no se conformar\u00e1 con \u2018codearse\u2019 con las nuevas altas esferas de la reci\u00e9n estrenada Rep\u00fablica. As\u00ed, en 1931 se traslada a los campos de Sevilla, C\u00f3rdoba y C\u00e1diz para hablar con los jornaleros y conocer su situaci\u00f3n. Realiz\u00f3 4 reportajes publicados en el diario \u2018Ahora\u2019. En el primero de ellos recog\u00eda:<\/p>\n\n\n\n<p>\u201cLos elementos agrupados por el v\u00ednculo de propiedad de la tierra, aun sin formul\u00e1rselo concretamente, colocan sus esperanzas en la Dictadura o en la Monarqu\u00eda; los que se identifican con el proletariado, las sit\u00faan en un difuso ideal comunistoide, comunismo libertario, anarcosindicalismo, radical socialismo revolucionario\u2026\u201d<\/p>\n\n\n\n<p>Chaves Nogales aprecia claramente la polaridad que va surgiendo en la sociedad de su \u00e9poca, una Andaluc\u00eda, una Espa\u00f1a que va dividi\u00e9ndose en funci\u00f3n de su posici\u00f3n social, en funci\u00f3n de su clase, conformando dos bandos diferenciados\u2026<\/p>\n\n\n\n<p>En agosto de 1932 cubre el levantamiento fracasado contra la Rep\u00fablica que el general Jos\u00e9 Sanjurjo lleva a cabo en Sevilla. Cuatro cr\u00f3nicas cubren este evento, y la huida de los sublevados hasta Huelva para intentar pasar a Portugal, con su cambio posterior de trayecto de huida hasta Extremadura, siendo finalmente detenidos por el director general de Seguridad en Navalcarnero.<\/p>\n\n\n\n<p>En su cr\u00f3nica \u2018Pistoleritos flamencos y se\u00f1ores con rifle. El colapso de Sevilla\u2019 (25 de octubre de 1932) recoge su visi\u00f3n de la capital andaluza, como una ciudad radicalmente mon\u00e1rquica, unida a lo que se hund\u00eda e incapaz de seguir el ritmo de los nuevos tiempos.<\/p>\n\n\n\n<p>En 1932 se crea la Liga de Periodistas, de tendencia republicana, impulsada por los redactores de los peri\u00f3dicos madrile\u00f1os El Liberal, El Heraldo de Madrid, La Libertad, El Sol, Luz y Ahora. Chaves Nogales particip\u00f3 en la redacci\u00f3n de sus estatutos.<\/p>\n\n\n\n<div style=\"height:26px\" aria-hidden=\"true\" class=\"wp-block-spacer\"><\/div>\n\n\n<div class=\"wp-block-image\">\n<figure class=\"aligncenter size-full\"><img loading=\"lazy\" decoding=\"async\" width=\"218\" height=\"218\" src=\"https:\/\/www.avenateandalu.com\/wp-content\/uploads\/2024\/05\/Chaves_nogales_011_EditorialAmuzara.jpg\" alt=\"\" class=\"wp-image-4232\" srcset=\"https:\/\/www.avenateandalu.com\/wp-content\/uploads\/2024\/05\/Chaves_nogales_011_EditorialAmuzara.jpg 218w, https:\/\/www.avenateandalu.com\/wp-content\/uploads\/2024\/05\/Chaves_nogales_011_EditorialAmuzara-150x150.jpg 150w\" sizes=\"auto, (max-width: 218px) 100vw, 218px\" \/><figcaption class=\"wp-element-caption\">Chaves Nogales. Fotograf\u00eda Editorial Almuzara.<\/figcaption><\/figure>\n<\/div>\n\n\n<div style=\"height:26px\" aria-hidden=\"true\" class=\"wp-block-spacer\"><\/div>\n\n\n\n<p>En 1933 viaja por Andaluc\u00eda y Extremadura. \u2018Ahora\u2019 publica un art\u00edculo en portada (posiblemente de Chaves Nogales) donde se habla de las movilizaciones anarquistas en el pueblo sevillano de La Rinconada. El diario publicar\u00e1 dos cr\u00f3nicas de Chaves Nogales a principios de este a\u00f1o, \u2018Los enemigos de la Rep\u00fablica\u2019 donde comparaba a los campesinos andaluces y extreme\u00f1os adeptos al comunismo libertario con los campesinos rusos alentados por los comisarios del pueblo comunistas, y \u201910.000 comunistas\u2019 donde afirma que no hab\u00eda ni un comunista aut\u00e9ntico en Espa\u00f1a, y mucho menos en Andaluc\u00eda. Con otra cr\u00f3nica, \u2018Todos, anarcosindicalistas\u2019 recoge que el campesinado andaluz era anarquista.<\/p>\n\n\n\n<p>En 1933 recorri\u00f3 tambi\u00e9n Alemania e Italia, sumergi\u00e9ndose en las profundidades de los reg\u00edmenes fascistas europeos, visitando incluso los campos de concentraci\u00f3n. Este acercamiento a la realidad fascista alcanzar\u00eda su zenit con la entrevista a Joseph Goebbels, ministro de propaganda de Hitler.<\/p>\n\n\n\n<p>Chaves Nogales lo calificar\u00e1 como rid\u00edculo, grotesco, estrafalario y \u2018azote de los jud\u00edos\u2019. Tambi\u00e9n emplear\u00e1 t\u00e9rminos como duro, enconado e implacable, adjetivos tambi\u00e9n empleados por Manuel en sus art\u00edculos sobre Lenin y Robespierre.<\/p>\n\n\n\n<p>Curiosamente, la entrevista llevaba el t\u00edtulo \u2018\u00bfHabr\u00e1 fascismo en Espa\u00f1a?\u2019.<\/p>\n\n\n\n<p>El diario \u2018Ahora\u2019 no public\u00f3 ning\u00fan art\u00edculo sobre la Italia fascista. En su libro \u2018A sangre y fuego\u2019, Chaves Nogales declara la raz\u00f3n:<\/p>\n\n\n\n<p>\u201cCuando al regreso de Roma aseguraba que el fascismo no ha aumentado en un gramo la raci\u00f3n de pan del italiano, ni ha sabido acrecentar el acervo de sus valores morales, mi patr\u00f3n no se mostraba tan satisfecho de m\u00ed, ni cre\u00eda que yo fuese un buen periodista\u201d.<\/p>\n\n\n\n<p>El 23 de junio de 1933 el Ateneo de Sevilla organiz\u00f3 en la sede de la Sociedad Econ\u00f3mica de Amigos del Pa\u00eds de la ciudad una conferencia impartida por Chaves. Su t\u00edtulo, \u2018C\u00f3mo se acaba con una Rep\u00fablica. Del comunismo ruso al fascismo alem\u00e1n\u2019.<\/p>\n\n\n\n<p>Realiza en este a\u00f1o tambi\u00e9n, una entrevista a Juan Belmonte que ser\u00e1 publicada en la revista \u2018Estampa\u2019, con el t\u00edtulo \u2018Juan Belmone en medio de la revoluci\u00f3n social\u2019. En ella el torero sevillano argumenta que algunos estaban considerando par\u00e1sitos a los propietarios de tierras adquiridas tras una vida de sacrificios.<\/p>\n\n\n\n<p>Tras el desastre de Annual de 1921, hab\u00eda rumores de que hab\u00edan hecho prisioneros espa\u00f1oles. Chaves viaja a Marruecos para investigar la situaci\u00f3n. Enviar\u00e1 una cr\u00f3nica titulada \u2018No hay prisioneros. La despiadada fantas\u00eda urdida alrededor de los desaparecidos en la cat\u00e1strofe de Annual.\u2019<\/p>\n\n\n\n<p>En abril de 1934, la Rep\u00fablica ocupa Ifni. Chaves se desplaza en viaje de avi\u00f3n para cubrir la noticia para \u2018Ahora\u2019, y pese a que el avi\u00f3n sufre un accidente, llegan hasta el emplazamiento y cumple con su objetivo, con dos cr\u00f3nicas y abundantes fotograf\u00edas.<\/p>\n\n\n\n<p>En octubre de ese a\u00f1o cubre desde Asturias la Revoluci\u00f3n de 1934. El diario \u2018Ahora\u2019 publica sus cr\u00f3nicas \u2018La organizaci\u00f3n del ej\u00e9rcito rojo en Asturias\u2019, \u2018Dos revoluciones en quince d\u00edas desatadas sobre la regi\u00f3n asturiana\u2019, \u2018Hay que poner las cosas en su punto\u2019, \u2018Lo que no debe quedar vivo bajo los escombros\u2019, \u2018El martirio de Oviedo bajo el imperio de la dinamita\u2019 y \u2018La liberaci\u00f3n de Asturias contada por el general L\u00f3pez Ochoa\u2019.<\/p>\n\n\n\n<div style=\"height:23px\" aria-hidden=\"true\" class=\"wp-block-spacer\"><\/div>\n\n\n<div class=\"wp-block-image\">\n<figure class=\"aligncenter size-full\"><img loading=\"lazy\" decoding=\"async\" width=\"557\" height=\"418\" src=\"https:\/\/www.avenateandalu.com\/wp-content\/uploads\/2024\/05\/f.elconfidencial.com_original_8cd_3c9_eab_8cd3c9eab9d8daa84ea356111ce753fa.jpg\" alt=\"\" class=\"wp-image-4233\" srcset=\"https:\/\/www.avenateandalu.com\/wp-content\/uploads\/2024\/05\/f.elconfidencial.com_original_8cd_3c9_eab_8cd3c9eab9d8daa84ea356111ce753fa.jpg 557w, https:\/\/www.avenateandalu.com\/wp-content\/uploads\/2024\/05\/f.elconfidencial.com_original_8cd_3c9_eab_8cd3c9eab9d8daa84ea356111ce753fa-300x225.jpg 300w\" sizes=\"auto, (max-width: 557px) 100vw, 557px\" \/><figcaption class=\"wp-element-caption\">Milicianos asturianos en 1934. Fotograf\u00eda diario El Confidencial.<\/figcaption><\/figure>\n<\/div>\n\n\n<div style=\"height:28px\" aria-hidden=\"true\" class=\"wp-block-spacer\"><\/div>\n\n\n\n<p>En 1935 cubre la Semana Santa en Sevilla con art\u00edculos como \u2018Las cofrad\u00edas y la Rep\u00fablica\u2019o \u2018Los que van debajo\u2019.<\/p>\n\n\n\n<p>En ese mismo a\u00f1o publica en la revista \u2018Estampa\u2019 la biograf\u00eda novelada de Juan Belmonte con el t\u00edtulo \u2018Juan Belmonte, matador de toros; su vida y sus haza\u00f1as\u2019, con entregas semanales, finalmente recopiladas en un libro. Ser\u00eda el libro con m\u00e1s ediciones de Chaves Nogales, y que ser\u00eda reeditado durante el franquismo.<\/p>\n\n\n\n<p>El \u00e9xito del libro fue celebrado con un banquete en el que el propio Chaves Nogales reconoci\u00f3 que no era asiduo en las plazas de toros, pero que se hab\u00eda sentido atra\u00eddo por la vida de este torero. En la celebraci\u00f3n estuvieron Jos\u00e9 Ortega y Gasset, Azor\u00edn, Ram\u00f3n G\u00f3mez de la Serna y Julio Camba.<\/p>\n\n\n\n<p>Cerraba as\u00ed un a\u00f1o en el que tambi\u00e9n, en un evento organizado por Luis Montoto en Sevilla, hab\u00eda coincidido con Federico Garc\u00eda Lorca, Jorge Guill\u00e9n, Joaqu\u00edn Romero Murube, Jos\u00e9 Mar\u00eda del Rey Caballero, S\u00e1nchez del Arco, Antonio N\u00fa\u00f1ez de Herrera, Andr\u00e9s Mart\u00ednez de Le\u00f3n, Antonio Otero y Fernando Risquet.<\/p>\n\n\n\n<div style=\"height:22px\" aria-hidden=\"true\" class=\"wp-block-spacer\"><\/div>\n\n\n<div class=\"wp-block-image\">\n<figure class=\"aligncenter size-full\"><img loading=\"lazy\" decoding=\"async\" width=\"300\" height=\"369\" src=\"https:\/\/www.avenateandalu.com\/wp-content\/uploads\/2024\/05\/belmonte-1.jpg\" alt=\"\" class=\"wp-image-4235\" srcset=\"https:\/\/www.avenateandalu.com\/wp-content\/uploads\/2024\/05\/belmonte-1.jpg 300w, https:\/\/www.avenateandalu.com\/wp-content\/uploads\/2024\/05\/belmonte-1-244x300.jpg 244w\" sizes=\"auto, (max-width: 300px) 100vw, 300px\" \/><figcaption class=\"wp-element-caption\">Juan Belmonte. Fotograf\u00eda revista &#8216;Avance Taurino&#8217;.<\/figcaption><\/figure>\n<\/div>\n\n\n<div style=\"height:36px\" aria-hidden=\"true\" class=\"wp-block-spacer\"><\/div>\n\n\n\n<p>En 1936 se desplaza a Catalu\u00f1a para comprobar la repercusi\u00f3n que ten\u00eda la victoria del Frente Popular en las elecciones generales. Entrevist\u00f3 a pol\u00edticos catalanes como Carles Pi i Sunyer, Juan Moles, Luis Nicolau d&#8217;Olwer y Llu\u00eds Companys. Chaves Nogales publica un art\u00edculo llamado \u2018Un conservador, un liberal, un marxista y un sindicalista\u2019 donde recoge sus conversaciones con &nbsp;el&nbsp;conservador Llu\u00eds Dur\u00e1n i Ventosa, el liberal Amadeu Hurtado, el marxita Rafael Vidiella y el anarcosindicalista \u00c1ngel Pesta\u00f1a.<\/p>\n\n\n\n<p>En mayo de ese a\u00f1o escribe su art\u00edculo \u2018El Pobrecito Negus\u2019 (al que seguir\u00edan dos m\u00e1s), sobre el emperador de&nbsp;Abisinia Haile Selassie (Imperio Et\u00edope) reci\u00e9n derrocado por los italianos, con el que coincide al hospedarse en el mismo hotel de Gibraltar en el que \u00e9ste lo hizo, en su retirada a Inglaterra.<\/p>\n\n\n\n<p>Un par de meses antes del estallido de la Guerra Civil, Manuel cubre la Romer\u00eda del Roc\u00edo de ese 1936, y escribe un reportaje por entregas que retrata la idiosincrasia del Pueblo Andaluz de aquellos tiempos: \u2018Andalucia la Roja y la Blanca Paloma\u2019.<\/p>\n\n\n\n<p>Se produce el intento de Golpe de Estado para acabar con el gobierno de la Rep\u00fablica e instaurar una Dictadura, que deriv\u00f3 en la Guerra Civil espa\u00f1ola.<\/p>\n\n\n\n<p>El 26 de julio un Consejo Obrero incauta la empresa del diario \u2018Ahora\u2019 y la revista \u2018Estampa\u2019. Manuel Chaves y Luis Montiel se encontraban en Londres recogiendo a sus hijas que estudiaban all\u00ed, y vuelven a Madrid.<\/p>\n\n\n\n<p>Mientras que la Ana y las ni\u00f1as, Pilar y Josefina, se refugiar\u00e1n en Barcelona, en casa del fot\u00f3grafo Gonsanhi, Manuel manda a su hijo, Pablo, a Santander, a casa de \u00c1ngel de las Heras.<\/p>\n\n\n\n<p>Chaves Nogales adopta una postura antifascista, publicando desde su peri\u00f3dico \u2018Ahora\u2019, pese a no ser un \u2018revolucionario\u2019. El 5 de agosto escribe un art\u00edculo para el diario \u2018La Naci\u00f3n\u2019 de Argentina titulado \u2018Lo que pasa en Espa\u00f1a y lo que pasar\u00e1\u2019. En \u00e9l muestra su convencimiento del triunfo de una Rep\u00fablica democr\u00e1tica, sin utop\u00edas anarquistas y sin revoluciones ni guerras.<\/p>\n\n\n\n<p>Pero el traslado del Gobierno Rep\u00fablicano de Madrid a Valencia hizo que Manuel se trasladara a Francia, despu\u00e9s de recoger a su mujer y a las ni\u00f1as. Se instalar\u00edan en Par\u00eds, donde se reunir\u00edan con Pablo.<\/p>\n\n\n\n<p>Las publicaciones contin\u00faan por parte de Manuel; en el diario argentino \u2018La Naci\u00f3n\u2019, en el peri\u00f3dico parisino \u2018Candide\u2019, en la revista cubana \u2018Bohemia\u2019, en la revista mexicana \u2018Sucesos\u2019.<\/p>\n\n\n\n<p>Art\u00edculos de sobre la cruenta Guerra Civil: \u2018Y a lo lejos una lucecita\u2019, \u2018La gesta de los caballistas\u2019, \u2018Le jeu de massacre\u2019, \u2018El Refugio\u2019, \u2018Hospital de Sangre\u2019. Muchos de los art\u00edculos se recopilaron en el libro \u2018A sangre y fuego. H\u00e9roes, bestias y m\u00e1rtires de Espa\u00f1a\u2019, editado en Chile, Nueva York y Canada. Posteriormente llegar\u00eda hasta el Reino Unido e incluso a Nueva Zelanda.<\/p>\n\n\n\n<p>En este libro, Manuel Chaves Nogales escribe un pr\u00f3logo donde se desmarca de los odios radicales de ambos bandos.<\/p>\n\n\n\n<div style=\"height:23px\" aria-hidden=\"true\" class=\"wp-block-spacer\"><\/div>\n\n\n<div class=\"wp-block-image\">\n<figure class=\"aligncenter size-full\"><img loading=\"lazy\" decoding=\"async\" width=\"500\" height=\"333\" src=\"https:\/\/www.avenateandalu.com\/wp-content\/uploads\/2024\/05\/Chaves_nogales_010_ElMundo.jpg\" alt=\"\" class=\"wp-image-4237\" srcset=\"https:\/\/www.avenateandalu.com\/wp-content\/uploads\/2024\/05\/Chaves_nogales_010_ElMundo.jpg 500w, https:\/\/www.avenateandalu.com\/wp-content\/uploads\/2024\/05\/Chaves_nogales_010_ElMundo-300x200.jpg 300w\" sizes=\"auto, (max-width: 500px) 100vw, 500px\" \/><figcaption class=\"wp-element-caption\">Manuel Chaves Nogales en uno de sus m\u00faltiples viajes. Fotograf\u00eda de diario El Mundo.<\/figcaption><\/figure>\n<\/div>\n\n\n<div style=\"height:35px\" aria-hidden=\"true\" class=\"wp-block-spacer\"><\/div>\n\n\n\n<p>En 1937 se fund\u00f3 en Par\u00eds el Comit\u00e9 Espagnol pour la Paix Civile et Religieuse, una organizaci\u00f3n similar a las que hab\u00edan surgido en Inglaterra, Suiza, Francia y Argentina. En estos comit\u00e9s se integraban intelectuales que ped\u00edan una mediaci\u00f3n internacional para poner fin a la guerra civil espa\u00f1ola.<\/p>\n\n\n\n<p>En 1938, Manuel escribir\u00eda un art\u00edculo en el bolet\u00edn de esta organizaci\u00f3n donde comentaba:<\/p>\n\n\n\n<p>\u201c\u2026la victoria absoluta de uno de los dos partidos sobre el otro s\u00f3lo representar\u00eda un beneficio positivo para los criminales del partido vencedor que aspiran a asegurarse, mediante la victoria, la impunidad de sus cr\u00edmenes\u201d.<\/p>\n\n\n\n<p>Chaves Nogales firm\u00f3 un manifiesto por la paz realizado por el Comit\u00e9 espa\u00f1ol en Par\u00eds, envi\u00e1ndolo a uno de sus miembros.<\/p>\n\n\n\n<p>Recogi\u00f3 a su hermano de un campo de refugiados ubicado al sur de Francia y lo cobij\u00f3 en su domicilio en Par\u00eds.<\/p>\n\n\n\n<p>En Francia, Manuel canaliza la informaci\u00f3n de la Guerra fraticida de Espa\u00f1a, al ser muy demandada desde Europa e Hispanoam\u00e9rica. As\u00ed empieza a trabajar en la agencia de noticias \u2018Cooperation Press Service\u2019 de Emery Rev\u00e9s, pero tambi\u00e9n colabora en el diario \u2018El tiempo\u2019 de Bogot\u00e1 y continua su colaboraci\u00f3n con el peri\u00f3dico brasile\u00f1o \u2018Folha\u2019 de Man\u00e1 y el \u2018Jornal\u2019 de Brasil.<\/p>\n\n\n\n<p>En el peri\u00f3dico australiano \u2018The Sidney Morney Herald\u2019 publicar\u00e1 dos art\u00edculos: \u2018Spain after the War\u2019 y \u2018Climax of Spanish War\u2019, en julio de 1938 y enero de 1939 respectivamente.<\/p>\n\n\n\n<p>En Par\u00eds, Manuel mantiene los v\u00ednculos con muchos de los emigrados espa\u00f1oles, en su mayor\u00eda intelectuales, escritores,\u2026, pero tambi\u00e9n abre nuevos contactos con personajes de la propia Francia, como el actor y cantante Maurice Chevalier e incluso intenta elaborar una biograf\u00eda de Charles Chaplin.<\/p>\n\n\n\n<p>Pero el 3 de septiembre de 1939 Inglaterra y Francia declaran la guerra a Alemania. La guerra volv\u00eda a llamar a la puerta de Chaves Nogales. En sus escritos, un claro posicionamiento antifascista.<\/p>\n\n\n\n<p>En junio de 1940, cuando los nazis se acercaban a Par\u00eds, Manuel decide marchar, primero a Tours, luego a Burdeos y luego a Inglaterra.<\/p>\n\n\n\n<p>Atr\u00e1s hab\u00eda dejado a su familia, con las concisas indicaciones de que destruyeran todos sus documentos period\u00edsticos y la peque\u00f1a imprenta con la que sal\u00eda \u2018Sprint\u2019, el diario que hab\u00eda puesto en marcha desde 1938 con ayuda de su propia familia y amigos.<\/p>\n\n\n\n<p>Los alemanes entraron en Par\u00eds el 14 de junio de 1940. En julio llegaron a la casa de su familia dos gendarmes y dos miembros de la Gestapo, preguntanto por Manuel Dur\u00e1n (el pseud\u00f3nimo que utilizaba Manuel Chaves Nogales para escribir contra Hitler). La familia hab\u00eda colocado una bandera de Espa\u00f1a y una foto de Franco para que la vieran los nazis.<\/p>\n\n\n\n<div style=\"height:19px\" aria-hidden=\"true\" class=\"wp-block-spacer\"><\/div>\n\n\n<div class=\"wp-block-image\">\n<figure class=\"aligncenter size-full\"><img loading=\"lazy\" decoding=\"async\" width=\"550\" height=\"400\" src=\"https:\/\/www.avenateandalu.com\/wp-content\/uploads\/2024\/05\/16796001983956.jpg\" alt=\"\" class=\"wp-image-4238\" srcset=\"https:\/\/www.avenateandalu.com\/wp-content\/uploads\/2024\/05\/16796001983956.jpg 550w, https:\/\/www.avenateandalu.com\/wp-content\/uploads\/2024\/05\/16796001983956-300x218.jpg 300w\" sizes=\"auto, (max-width: 550px) 100vw, 550px\" \/><figcaption class=\"wp-element-caption\">Entrada de las tropas de Hitler en Par\u00eds. Fotograf\u00eda diario El Mundo.<\/figcaption><\/figure>\n<\/div>\n\n\n<div style=\"height:38px\" aria-hidden=\"true\" class=\"wp-block-spacer\"><\/div>\n\n\n\n<p>En el registro no encontraron nada y la familia pudo salir ilesa del encuentro.<\/p>\n\n\n\n<p>En agosto, la familia tom\u00f3 un tren con destino a Espa\u00f1a. Tras pasar la frontera los metieron en un campo de refugiados a las afueras de Ir\u00fan. Ana estaba embarazada de la peque\u00f1a Juncal, los soldados del campo, al ver su estado la dejaron marchar a Ir\u00fan para ser atendida y all\u00ed tuvo lugar el parto prematuro de la hija menor. Dos semanas despu\u00e9s marcharon hacia Sevilla. Jos\u00e9 Chaves, hermano de Manuel, hab\u00eda llegado a un acuerdo con el alcalde de El Ronquilo para que la familia se estableciera all\u00ed en calidad de vigilados y sin salir del pueblo.<\/p>\n\n\n\n<p>En 1941, se publica en Montevideo el libro de Chaves \u2018La agon\u00eda de Francia\u2019.<\/p>\n\n\n\n<p>Ese mismo a\u00f1o, el propietario de la agencia de prensa Atlantic Pacific Press Agency, puso a Chaves Nogales como director de organizaci\u00f3n.&nbsp; La agencia ten\u00eda su sede un piso por encima de la agencia Reuters. Manuel abri\u00f3 sus puertas a refugiados espa\u00f1oles, como Carles Pi i Sunyer, Salvador de Madariaga, Esteban Salazar Chapela, Luis Cernuda, Luis Araquist\u00e1in y otros, para que sus art\u00edculos llegasen a la prensa iberoamericana.<\/p>\n\n\n\n<p>Chaves se convierte en conexi\u00f3n entre el gobierno brit\u00e1nico y diplom\u00e1ticos hispanoamericanos, aprovechando su despacho de la agencia.<\/p>\n\n\n\n<p>En 1942 public\u00f3 en el peri\u00f3dico \u2018El Tiempo\u2019 de Bogot\u00e1 un reportaje sobre su encuentro en Belfast de tropas americanas acantonadas all\u00ed a la espera de intervenir.<\/p>\n\n\n\n<p>Ser\u00e1 en este mismo a\u00f1o cuando funde su propia agencia, la \u2018Agencia Manuel Chaves Nogales\u2019, con sede tambi\u00e9n en Fleet Street, desde la que suministraba art\u00edculos a los peri\u00f3dicos iberoamericanos.<\/p>\n\n\n\n<p>Empez\u00f3 tambi\u00e9n a trabajar como corresponsal en Londres para la agencia Reuters. En sus art\u00edculos previ\u00f3 una estrategia alemana para invadir Gibraltar desde Espa\u00f1a. Este plan existi\u00f3 realmente y se denomin\u00f3 Operaci\u00f3n F\u00e9lix.<\/p>\n\n\n\n<div style=\"height:25px\" aria-hidden=\"true\" class=\"wp-block-spacer\"><\/div>\n\n\n<div class=\"wp-block-image\">\n<figure class=\"aligncenter size-full\"><img loading=\"lazy\" decoding=\"async\" width=\"339\" height=\"450\" src=\"https:\/\/www.avenateandalu.com\/wp-content\/uploads\/2024\/05\/Chaves_nogales_007_Foto-CTXT.jpg\" alt=\"\" class=\"wp-image-4240\" srcset=\"https:\/\/www.avenateandalu.com\/wp-content\/uploads\/2024\/05\/Chaves_nogales_007_Foto-CTXT.jpg 339w, https:\/\/www.avenateandalu.com\/wp-content\/uploads\/2024\/05\/Chaves_nogales_007_Foto-CTXT-226x300.jpg 226w\" sizes=\"auto, (max-width: 339px) 100vw, 339px\" \/><figcaption class=\"wp-element-caption\">Chaves Nogales posa con tropas del Reino Unido, revista Ctxt<\/figcaption><\/figure>\n<\/div>\n\n\n<div style=\"height:32px\" aria-hidden=\"true\" class=\"wp-block-spacer\"><\/div>\n\n\n\n<p>Tambi\u00e9n colabor\u00f3 con la BBC, entre los a\u00f1os 1942 y 1944.<\/p>\n\n\n\n<p>Pero ser\u00eda en este \u00faltimo a\u00f1o, cuando Manuel fue intervenido de peritonitis en el Hospital Metropolitan Borough of Chelsea, muriendo a los 46 a\u00f1os de manera repentina tras salir de la operaci\u00f3n, un 8 de mayo.<\/p>\n\n\n\n<p>Seg\u00fan el certificado de defunci\u00f3n, falleci\u00f3 de dilataci\u00f3n aguda de est\u00f3mago, peritonitis, yeyunostom\u00eda y sarcoma.<\/p>\n\n\n\n<p>El Tribunal de Represi\u00f3n de la Masoner\u00eda y el Comunismo le conden\u00f3 el 16 de mayo de 1944, ocho d\u00edas despu\u00e9s de su muerte, a doce a\u00f1os de prisi\u00f3n y\u00a0 a la inhabilitaci\u00f3n perpetua para trabajar en la administraci\u00f3n p\u00fablica o en cargos de administraci\u00f3n en el sector privado.<\/p>\n\n\n\n<p>Aqu\u00ed acab\u00f3 la vida de un andaluz, monstruo del periodismo que pese a su buen hacer, en nuestros d\u00edas es pr\u00e1cticamente desconocido para sus paisanas y paisanos andaluces.<\/p>\n\n\n\n<div style=\"height:100px\" aria-hidden=\"true\" class=\"wp-block-spacer\"><\/div>\n\n\n\n<p>Fuentes: Wikipedia \/ Web \u2018Manuel Chaves Nogales\u2019 propiedad de Mar\u00eda Isabel Cintas Guill\u00e9n (Catedr\u00e1tica de Lengua castellana y literatura y ha sido Jefa del Departamento de Lengua castellana y Literatura en el Instituto B\u00e9cquer, de Sevilla. Doctora en Filolog\u00eda Hisp\u00e1nica&nbsp; por la Universidad de Sevilla)<\/p>\n\n\n\n<div style=\"height:100px\" aria-hidden=\"true\" class=\"wp-block-spacer\"><\/div>\n\n\n\n<div class=\"wp-block-buttons is-layout-flex wp-block-buttons-is-layout-flex\">\n<div class=\"wp-block-button is-style-outline is-style-outline--2\"><a class=\"wp-block-button__link has-white-color has-text-color has-background wp-element-button\" href=\"https:\/\/www.avenateandalu.com\/\" style=\"border-radius:50px;background-color:#057831\">Volver a Inicio<\/a><\/div>\n\n\n\n<div class=\"wp-block-button is-style-outline is-style-outline--3\"><a class=\"wp-block-button__link has-white-color has-text-color has-background wp-element-button\" href=\"https:\/\/www.avenateandalu.com\/index.php\/literatura-andaluza\/\" style=\"border-radius:50px;background-color:#057831\">Volver a Literatura Andaluza<\/a><\/div>\n<\/div>\n<div class=\"likebtn_container\" style=\"\"><!-- LikeBtn.com BEGIN --><span class=\"likebtn-wrapper\"  data-identifier=\"post_4222\"  data-site_id=\"658af34a943ec97271c5d7cc\"  data-lang=\"es\"  data-white_label=\"true\"  data-style=\"\"  data-unlike_allowed=\"\"  data-show_copyright=\"\"  data-item_url=\"https:\/\/www.avenateandalu.com\/index.php\/2024\/05\/12\/chaves-nogales-el-aventurero-periodista-andaluz-perdido-en-la-turbulencia-de-la-historia\/\"  data-item_title=\"Chaves Nogales, el aventurero periodista andaluz perdido en la turbulencia de la Historia\"  data-item_image=\"https:\/\/www.avenateandalu.com\/wp-content\/uploads\/2024\/05\/768933448_233689477_1706x960-1024x576.webp\"  data-item_date=\"2024-05-12T19:46:58+00:00\"  data-engine=\"WordPress\"  data-plugin_v=\"2.6.58\"  data-prx=\"https:\/\/www.avenateandalu.com\/wp-admin\/admin-ajax.php?action=likebtn_prx\"  data-event_handler=\"likebtn_eh\" ><\/span><!-- LikeBtn.com END --><\/div>","protected":false},"excerpt":{"rendered":"<p>Aqu\u00ed en Andaluc\u00eda somos muy dados al olvido. Cuando escarbamos en el pasado, encontramos aut\u00e9nticas joyas andaluzas, personas que pese a tener una vida de pel\u00edcula, han ca\u00eddo en el olvido. Adem\u00e1s, si a esto sumamos que, por alguna extra\u00f1a raz\u00f3n, en Andaluc\u00eda siempre se antepone lo de fuera de nuestras fronteras a lo de &#8230; <a title=\"Chaves Nogales, el aventurero periodista andaluz perdido en la turbulencia de la Historia\" class=\"read-more\" href=\"https:\/\/www.avenateandalu.com\/index.php\/2024\/05\/12\/chaves-nogales-el-aventurero-periodista-andaluz-perdido-en-la-turbulencia-de-la-historia\/\" aria-label=\"Leer m\u00e1s sobre Chaves Nogales, el aventurero periodista andaluz perdido en la turbulencia de la Historia\">Leer m\u00e1s<\/a><\/p>\n<div class=\"likebtn_container\" style=\"\"><!-- LikeBtn.com BEGIN --><span class=\"likebtn-wrapper\"  data-identifier=\"post_4222\"  data-site_id=\"658af34a943ec97271c5d7cc\"  data-lang=\"es\"  data-white_label=\"true\"  data-style=\"\"  data-unlike_allowed=\"\"  data-show_copyright=\"\"  data-item_url=\"https:\/\/www.avenateandalu.com\/index.php\/2024\/05\/12\/chaves-nogales-el-aventurero-periodista-andaluz-perdido-en-la-turbulencia-de-la-historia\/\"  data-item_title=\"Chaves Nogales, el aventurero periodista andaluz perdido en la turbulencia de la Historia\"  data-item_image=\"https:\/\/www.avenateandalu.com\/wp-content\/uploads\/2024\/05\/768933448_233689477_1706x960-1024x576.webp\"  data-item_date=\"2024-05-12T19:46:58+00:00\"  data-engine=\"WordPress\"  data-plugin_v=\"2.6.58\"  data-prx=\"https:\/\/www.avenateandalu.com\/wp-admin\/admin-ajax.php?action=likebtn_prx\"  data-event_handler=\"likebtn_eh\" ><\/span><!-- LikeBtn.com END --><\/div>","protected":false},"author":1,"featured_media":4225,"comment_status":"open","ping_status":"open","sticky":false,"template":"","format":"standard","meta":{"_eb_attr":"","footnotes":""},"categories":[143],"tags":[261,145,260,262],"class_list":["post-4222","post","type-post","status-publish","format-standard","has-post-thumbnail","hentry","category-portada-literatura","tag-guerracivil","tag-literaturaandaluza","tag-periodismoandaluz","tag-segundaguerramundial"],"rttpg_featured_image_url":{"full":["https:\/\/www.avenateandalu.com\/wp-content\/uploads\/2024\/05\/768933448_233689477_1706x960.webp",1706,960,false],"landscape":["https:\/\/www.avenateandalu.com\/wp-content\/uploads\/2024\/05\/768933448_233689477_1706x960.webp",1706,960,false],"portraits":["https:\/\/www.avenateandalu.com\/wp-content\/uploads\/2024\/05\/768933448_233689477_1706x960.webp",1706,960,false],"thumbnail":["https:\/\/www.avenateandalu.com\/wp-content\/uploads\/2024\/05\/768933448_233689477_1706x960-150x150.webp",150,150,true],"medium":["https:\/\/www.avenateandalu.com\/wp-content\/uploads\/2024\/05\/768933448_233689477_1706x960-300x169.webp",300,169,true],"large":["https:\/\/www.avenateandalu.com\/wp-content\/uploads\/2024\/05\/768933448_233689477_1706x960-1024x576.webp",1024,576,true],"1536x1536":["https:\/\/www.avenateandalu.com\/wp-content\/uploads\/2024\/05\/768933448_233689477_1706x960-1536x864.webp",1536,864,true],"2048x2048":["https:\/\/www.avenateandalu.com\/wp-content\/uploads\/2024\/05\/768933448_233689477_1706x960.webp",1706,960,false]},"rttpg_author":{"display_name":"Avenate Andal\u00fa","author_link":"https:\/\/www.avenateandalu.com\/index.php\/author\/admin\/"},"rttpg_comment":0,"rttpg_category":"<a href=\"https:\/\/www.avenateandalu.com\/index.php\/category\/portada-literatura\/\" rel=\"category tag\">PORTADA LITERATURA<\/a>","rttpg_excerpt":"Aqu\u00ed en Andaluc\u00eda somos muy dados al olvido. Cuando escarbamos en el pasado, encontramos aut\u00e9nticas joyas andaluzas, personas que pese a tener una vida de pel\u00edcula, han ca\u00eddo en el olvido. Adem\u00e1s, si a esto sumamos que, por alguna extra\u00f1a raz\u00f3n, en Andaluc\u00eda siempre se antepone lo de fuera de nuestras fronteras a lo de&hellip;","_links":{"self":[{"href":"https:\/\/www.avenateandalu.com\/index.php\/wp-json\/wp\/v2\/posts\/4222","targetHints":{"allow":["GET"]}}],"collection":[{"href":"https:\/\/www.avenateandalu.com\/index.php\/wp-json\/wp\/v2\/posts"}],"about":[{"href":"https:\/\/www.avenateandalu.com\/index.php\/wp-json\/wp\/v2\/types\/post"}],"author":[{"embeddable":true,"href":"https:\/\/www.avenateandalu.com\/index.php\/wp-json\/wp\/v2\/users\/1"}],"replies":[{"embeddable":true,"href":"https:\/\/www.avenateandalu.com\/index.php\/wp-json\/wp\/v2\/comments?post=4222"}],"version-history":[{"count":7,"href":"https:\/\/www.avenateandalu.com\/index.php\/wp-json\/wp\/v2\/posts\/4222\/revisions"}],"predecessor-version":[{"id":4250,"href":"https:\/\/www.avenateandalu.com\/index.php\/wp-json\/wp\/v2\/posts\/4222\/revisions\/4250"}],"wp:featuredmedia":[{"embeddable":true,"href":"https:\/\/www.avenateandalu.com\/index.php\/wp-json\/wp\/v2\/media\/4225"}],"wp:attachment":[{"href":"https:\/\/www.avenateandalu.com\/index.php\/wp-json\/wp\/v2\/media?parent=4222"}],"wp:term":[{"taxonomy":"category","embeddable":true,"href":"https:\/\/www.avenateandalu.com\/index.php\/wp-json\/wp\/v2\/categories?post=4222"},{"taxonomy":"post_tag","embeddable":true,"href":"https:\/\/www.avenateandalu.com\/index.php\/wp-json\/wp\/v2\/tags?post=4222"}],"curies":[{"name":"wp","href":"https:\/\/api.w.org\/{rel}","templated":true}]}}