{"id":4532,"date":"2024-06-29T08:15:09","date_gmt":"2024-06-29T08:15:09","guid":{"rendered":"https:\/\/www.avenateandalu.com\/?p=4532"},"modified":"2024-07-25T18:14:41","modified_gmt":"2024-07-25T18:14:41","slug":"los-buzos-de-huelva-en-el-objetivo-de-alberto-rodriguez","status":"publish","type":"post","link":"https:\/\/www.avenateandalu.com\/index.php\/2024\/06\/29\/los-buzos-de-huelva-en-el-objetivo-de-alberto-rodriguez\/","title":{"rendered":"Los Buzos de Huelva en el objetivo de Alberto Rodr\u00edguez"},"content":{"rendered":"\n<p>Las pel\u00edculas de Alberto Rodr\u00edguez podr\u00e1n gustar o no, pero no te dejan nunca indiferente. Esta vez, el laureado director andaluz ha puesto su objetivo en la figura de los buzos de la R\u00eda de Huelva.<\/p>\n\n\n\n<p>Y es que Alberto y su equipo llevan trabajando en el rodaje de su nueva pel\u00edcula, \u2018Los Tigres\u2019, desde el pasado mes de mayo. La mayor parte se est\u00e1 desarrollando en la provincia de Huelva, no en vano, hay un estrecho v\u00ednculo entre esta provincia y el cineasta, pues desde hace 50 a\u00f1os, \u00e9l es un asiduo de Mazag\u00f3n.<\/p>\n\n\n\n<p>De este modo, la pel\u00edcula nos mostrar\u00e1 escenas filmadas en Mazag\u00f3n, Matalasca\u00f1as, Punta Umbr\u00eda, El Rompido, la Isla de Salt\u00e9s, Palos de la Frontera, la R\u00eda, el Puerto de Huelva o el embalse de Aracena. Adem\u00e1s, las escenas de mayor contenido subacu\u00e1tico se grabar\u00e1n en Algeciras y en Alicante.<\/p>\n\n\n\n<div style=\"height:19px\" aria-hidden=\"true\" class=\"wp-block-spacer\"><\/div>\n\n\n\n<figure class=\"wp-block-gallery has-nested-images columns-default is-cropped wp-block-gallery-1 is-layout-flex wp-block-gallery-is-layout-flex\">\n<figure class=\"wp-block-image size-large\"><img loading=\"lazy\" decoding=\"async\" width=\"600\" height=\"400\" data-id=\"4537\" src=\"https:\/\/www.avenateandalu.com\/wp-content\/uploads\/2024\/06\/huelva-7683662_1280.jpg\" alt=\"\" class=\"wp-image-4537\" srcset=\"https:\/\/www.avenateandalu.com\/wp-content\/uploads\/2024\/06\/huelva-7683662_1280.jpg 600w, https:\/\/www.avenateandalu.com\/wp-content\/uploads\/2024\/06\/huelva-7683662_1280-300x200.jpg 300w\" sizes=\"auto, (max-width: 600px) 100vw, 600px\" \/><\/figure>\n\n\n\n<figure class=\"wp-block-image size-large\"><img loading=\"lazy\" decoding=\"async\" width=\"1024\" height=\"683\" data-id=\"4538\" src=\"https:\/\/www.avenateandalu.com\/wp-content\/uploads\/2024\/06\/isla-cristina-6597351_1280-1024x683.jpg\" alt=\"\" class=\"wp-image-4538\" srcset=\"https:\/\/www.avenateandalu.com\/wp-content\/uploads\/2024\/06\/isla-cristina-6597351_1280-1024x683.jpg 1024w, https:\/\/www.avenateandalu.com\/wp-content\/uploads\/2024\/06\/isla-cristina-6597351_1280-300x200.jpg 300w, https:\/\/www.avenateandalu.com\/wp-content\/uploads\/2024\/06\/isla-cristina-6597351_1280-768x512.jpg 768w, https:\/\/www.avenateandalu.com\/wp-content\/uploads\/2024\/06\/isla-cristina-6597351_1280.jpg 1280w\" sizes=\"auto, (max-width: 1024px) 100vw, 1024px\" \/><\/figure>\n\n\n\n<figure class=\"wp-block-image size-large\"><img loading=\"lazy\" decoding=\"async\" width=\"450\" height=\"290\" data-id=\"4536\" src=\"https:\/\/www.avenateandalu.com\/wp-content\/uploads\/2024\/06\/donana-3287939_1280.jpg\" alt=\"\" class=\"wp-image-4536\" srcset=\"https:\/\/www.avenateandalu.com\/wp-content\/uploads\/2024\/06\/donana-3287939_1280.jpg 450w, https:\/\/www.avenateandalu.com\/wp-content\/uploads\/2024\/06\/donana-3287939_1280-300x193.jpg 300w\" sizes=\"auto, (max-width: 450px) 100vw, 450px\" \/><\/figure>\n<\/figure>\n\n\n\n<div style=\"height:21px\" aria-hidden=\"true\" class=\"wp-block-spacer\"><\/div>\n\n\n\n<p>A Alberto le parece que Huelva ofrece un contraste brutal entre naturaleza e industria, en cada una de sus orillas, y cree que es una provincia desaprovechada desde el punto de vista cin\u00e9filo, puesto que piensa que ofrece muchas oportunidades.<\/p>\n\n\n\n<p>Con un gui\u00f3n que crece a partir de esas personas que se mueven en el duro trabajo de buzo, Alberto Rodr\u00edguez junto a Rafael Cobos, nos sumergen en una historia escrita por ellos mismos, que se mueve entre la trama familiar y personal y algo actualmente muy de moda, el hallazgo de un alijo de droga.<\/p>\n\n\n\n<div style=\"height:21px\" aria-hidden=\"true\" class=\"wp-block-spacer\"><\/div>\n\n\n<div class=\"wp-block-image\">\n<figure class=\"aligncenter size-full\"><img loading=\"lazy\" decoding=\"async\" width=\"600\" height=\"398\" src=\"https:\/\/www.avenateandalu.com\/wp-content\/uploads\/2024\/06\/sea-79594_1280.jpg\" alt=\"\" class=\"wp-image-4540\" srcset=\"https:\/\/www.avenateandalu.com\/wp-content\/uploads\/2024\/06\/sea-79594_1280.jpg 600w, https:\/\/www.avenateandalu.com\/wp-content\/uploads\/2024\/06\/sea-79594_1280-300x199.jpg 300w\" sizes=\"auto, (max-width: 600px) 100vw, 600px\" \/><\/figure>\n<\/div>\n\n\n<div style=\"height:26px\" aria-hidden=\"true\" class=\"wp-block-spacer\"><\/div>\n\n\n\n<p>Los ingredientes est\u00e1n servidos, una dura profesi\u00f3n como la de buzo, con una mortandad similar al trabajo en las minas, una relaci\u00f3n familiar propia de una familia andaluza, con sus &#8216;pros&#8217; y &#8216;contras&#8217; del d\u00eda a d\u00eda, bas\u00e1ndose en el reencuentro de hermana y hermano, y una situaci\u00f3n que produce un vuelco en la vida de los personajes, interpretados por un extraordinario actor y una gran actriz, como son el malague\u00f1o, Antonio de la Torre, y la tambi\u00e9n laureada y genial profesional madrile\u00f1a, B\u00e1rbara Lennie.<\/p>\n\n\n\n<div style=\"height:17px\" aria-hidden=\"true\" class=\"wp-block-spacer\"><\/div>\n\n\n\n<div class=\"wp-block-columns is-layout-flex wp-container-core-columns-is-layout-9d6595d7 wp-block-columns-is-layout-flex\">\n<div class=\"wp-block-column is-layout-flow wp-block-column-is-layout-flow\">\n<figure class=\"wp-block-image size-full\"><img loading=\"lazy\" decoding=\"async\" width=\"600\" height=\"338\" src=\"https:\/\/www.avenateandalu.com\/wp-content\/uploads\/2024\/06\/Antonio-De-La-Torre.jpg\" alt=\"\" class=\"wp-image-4541\" srcset=\"https:\/\/www.avenateandalu.com\/wp-content\/uploads\/2024\/06\/Antonio-De-La-Torre.jpg 600w, https:\/\/www.avenateandalu.com\/wp-content\/uploads\/2024\/06\/Antonio-De-La-Torre-300x169.jpg 300w\" sizes=\"auto, (max-width: 600px) 100vw, 600px\" \/><figcaption class=\"wp-element-caption\">Antonio de la Torre- Fotograf\u00eda RTVE<\/figcaption><\/figure>\n<\/div>\n\n\n\n<div class=\"wp-block-column is-layout-flow wp-block-column-is-layout-flow\"><div class=\"wp-block-image\">\n<figure class=\"aligncenter size-large is-resized\"><img loading=\"lazy\" decoding=\"async\" width=\"1024\" height=\"1024\" src=\"https:\/\/www.avenateandalu.com\/wp-content\/uploads\/2024\/06\/actriz-barbara-lennie_104-1024x1024.webp\" alt=\"\" class=\"wp-image-4542\" style=\"width:380px;height:auto\" srcset=\"https:\/\/www.avenateandalu.com\/wp-content\/uploads\/2024\/06\/actriz-barbara-lennie_104-1024x1024.webp 1024w, https:\/\/www.avenateandalu.com\/wp-content\/uploads\/2024\/06\/actriz-barbara-lennie_104-300x300.webp 300w, https:\/\/www.avenateandalu.com\/wp-content\/uploads\/2024\/06\/actriz-barbara-lennie_104-150x150.webp 150w, https:\/\/www.avenateandalu.com\/wp-content\/uploads\/2024\/06\/actriz-barbara-lennie_104-768x768.webp 768w, https:\/\/www.avenateandalu.com\/wp-content\/uploads\/2024\/06\/actriz-barbara-lennie_104.webp 1200w\" sizes=\"auto, (max-width: 1024px) 100vw, 1024px\" \/><figcaption class=\"wp-element-caption\">Barbara Lennie &#8211; Fotograf\u00eda Europa FM<\/figcaption><\/figure>\n<\/div><\/div>\n<\/div>\n\n\n\n<p>Seg\u00fan recoge el dossier de la Academia de Cine Andaluz:<\/p>\n\n\n\n<p>\u201cLos Tigres es una pel\u00edcula que habla del fin de las capacidades de un hombre casi anfibio (Antonio de la Torre), alguien que est\u00e1 llegando a entender que su tiempo se ha acabado y que no es especial ni distinto, sino uno m\u00e1s. Alguien que de pronto ha de transformarse para comprender a los dem\u00e1s y poder sobrevivir en el mundo que le rodea y que no entiende, fuera del agua. Al final los personajes har\u00e1n un viaje a un sitio tan rec\u00f3ndito e insondable como el fondo marino. Un viaje hacia alguien cercano e in\u00e9dito como tu propia hermana y su pasado\u201d-seg\u00fan declara el propio Alberto Rodr\u00edguez.<\/p>\n\n\n\n<p>En la pel\u00edcula han colaborado la Diputaci\u00f3n de Huelva y la Agencia Destino de Huelva. Es una producci\u00f3n original de Movistar Plus+, coproducida por Kowalski Films, Feelgood Media, Mazag\u00f3n Films AIE y la compa\u00f1\u00eda francesa Le Pacte.<\/p>\n\n\n\n<p>Distribuida en cines por Buena Vista International, pasar\u00e1 a las plataformas de la mano de Movistar Plus+. La fecha de su estreno en cines est\u00e1 prevista para 2025.<\/p>\n\n\n\n<div style=\"height:41px\" aria-hidden=\"true\" class=\"wp-block-spacer\"><\/div>\n\n\n\n<p>Fuentes: Art\u00edculo \u2018La nueva pel\u00edcula de Alberto Rodr\u00edguez retrata la cada m\u00e1s desconocida de Huelva como escenario de cine en \u2018Los tigres\u2019 de Mar\u00eda Fern\u00e1ndez en Huelva Informaci\u00f3n \/ Dossier informativo de la Academia de Cine Andaluz.<\/p>\n\n\n\n<div style=\"height:63px\" aria-hidden=\"true\" class=\"wp-block-spacer\"><\/div>\n\n\n\n<div class=\"wp-block-buttons is-layout-flex wp-block-buttons-is-layout-flex\">\n<div class=\"wp-block-button is-style-outline is-style-outline--2\"><a class=\"wp-block-button__link has-white-color has-text-color has-background wp-element-button\" href=\"https:\/\/www.avenateandalu.com\/\" style=\"border-radius:50px;background-color:#057831\">Volver a Inicio<\/a><\/div>\n\n\n\n<div class=\"wp-block-button is-style-outline is-style-outline--3\"><a class=\"wp-block-button__link has-white-color has-text-color has-background wp-element-button\" href=\"https:\/\/www.avenateandalu.com\/index.php\/cine-andaluz-2\/\" style=\"border-radius:50px;background-color:#057831\">Volver a Cine Andaluz<\/a><\/div>\n<\/div>\n<div class=\"likebtn_container\" style=\"\"><!-- LikeBtn.com BEGIN --><span class=\"likebtn-wrapper\"  data-identifier=\"post_4532\"  data-site_id=\"658af34a943ec97271c5d7cc\"  data-lang=\"es\"  data-white_label=\"true\"  data-style=\"\"  data-unlike_allowed=\"\"  data-show_copyright=\"\"  data-item_url=\"https:\/\/www.avenateandalu.com\/index.php\/2024\/06\/29\/los-buzos-de-huelva-en-el-objetivo-de-alberto-rodriguez\/\"  data-item_title=\"Los Buzos de Huelva en el objetivo de Alberto Rodr\u00edguez\"  data-item_image=\"https:\/\/www.avenateandalu.com\/wp-content\/uploads\/2024\/06\/Alberto-Rodriguez.jpg\"  data-item_date=\"2024-06-29T08:15:09+00:00\"  data-engine=\"WordPress\"  data-plugin_v=\"2.6.58\"  data-prx=\"https:\/\/www.avenateandalu.com\/wp-admin\/admin-ajax.php?action=likebtn_prx\"  data-event_handler=\"likebtn_eh\" ><\/span><!-- LikeBtn.com END --><\/div>","protected":false},"excerpt":{"rendered":"<p>Las pel\u00edculas de Alberto Rodr\u00edguez podr\u00e1n gustar o no, pero no te dejan nunca indiferente. Esta vez, el laureado director andaluz ha puesto su objetivo en la figura de los buzos de la R\u00eda de Huelva. Y es que Alberto y su equipo llevan trabajando en el rodaje de su nueva pel\u00edcula, \u2018Los Tigres\u2019, desde &#8230; <a title=\"Los Buzos de Huelva en el objetivo de Alberto Rodr\u00edguez\" class=\"read-more\" href=\"https:\/\/www.avenateandalu.com\/index.php\/2024\/06\/29\/los-buzos-de-huelva-en-el-objetivo-de-alberto-rodriguez\/\" aria-label=\"Leer m\u00e1s sobre Los Buzos de Huelva en el objetivo de Alberto Rodr\u00edguez\">Leer m\u00e1s<\/a><\/p>\n<div class=\"likebtn_container\" style=\"\"><!-- LikeBtn.com BEGIN --><span class=\"likebtn-wrapper\"  data-identifier=\"post_4532\"  data-site_id=\"658af34a943ec97271c5d7cc\"  data-lang=\"es\"  data-white_label=\"true\"  data-style=\"\"  data-unlike_allowed=\"\"  data-show_copyright=\"\"  data-item_url=\"https:\/\/www.avenateandalu.com\/index.php\/2024\/06\/29\/los-buzos-de-huelva-en-el-objetivo-de-alberto-rodriguez\/\"  data-item_title=\"Los Buzos de Huelva en el objetivo de Alberto Rodr\u00edguez\"  data-item_image=\"https:\/\/www.avenateandalu.com\/wp-content\/uploads\/2024\/06\/Alberto-Rodriguez.jpg\"  data-item_date=\"2024-06-29T08:15:09+00:00\"  data-engine=\"WordPress\"  data-plugin_v=\"2.6.58\"  data-prx=\"https:\/\/www.avenateandalu.com\/wp-admin\/admin-ajax.php?action=likebtn_prx\"  data-event_handler=\"likebtn_eh\" ><\/span><!-- LikeBtn.com END --><\/div>","protected":false},"author":1,"featured_media":4535,"comment_status":"open","ping_status":"open","sticky":false,"template":"","format":"standard","meta":{"_eb_attr":"","footnotes":""},"categories":[278,139],"tags":[271,273,84,272],"class_list":["post-4532","post","type-post","status-publish","format-standard","has-post-thumbnail","hentry","category-bq250724","category-portadacine","tag-albertorodriguezlibrero","tag-buzosdehuelva","tag-cineandaluz","tag-lostigres"],"rttpg_featured_image_url":{"full":["https:\/\/www.avenateandalu.com\/wp-content\/uploads\/2024\/06\/Alberto-Rodriguez.jpg",667,375,false],"landscape":["https:\/\/www.avenateandalu.com\/wp-content\/uploads\/2024\/06\/Alberto-Rodriguez.jpg",667,375,false],"portraits":["https:\/\/www.avenateandalu.com\/wp-content\/uploads\/2024\/06\/Alberto-Rodriguez.jpg",667,375,false],"thumbnail":["https:\/\/www.avenateandalu.com\/wp-content\/uploads\/2024\/06\/Alberto-Rodriguez-150x150.jpg",150,150,true],"medium":["https:\/\/www.avenateandalu.com\/wp-content\/uploads\/2024\/06\/Alberto-Rodriguez-300x169.jpg",300,169,true],"large":["https:\/\/www.avenateandalu.com\/wp-content\/uploads\/2024\/06\/Alberto-Rodriguez.jpg",667,375,false],"1536x1536":["https:\/\/www.avenateandalu.com\/wp-content\/uploads\/2024\/06\/Alberto-Rodriguez.jpg",667,375,false],"2048x2048":["https:\/\/www.avenateandalu.com\/wp-content\/uploads\/2024\/06\/Alberto-Rodriguez.jpg",667,375,false]},"rttpg_author":{"display_name":"Avenate Andal\u00fa","author_link":"https:\/\/www.avenateandalu.com\/index.php\/author\/admin\/"},"rttpg_comment":0,"rttpg_category":"<a href=\"https:\/\/www.avenateandalu.com\/index.php\/category\/bq250724\/\" rel=\"category tag\">BQ250724<\/a> <a href=\"https:\/\/www.avenateandalu.com\/index.php\/category\/portadacine\/\" rel=\"category tag\">PORTADACINE<\/a>","rttpg_excerpt":"Las pel\u00edculas de Alberto Rodr\u00edguez podr\u00e1n gustar o no, pero no te dejan nunca indiferente. Esta vez, el laureado director andaluz ha puesto su objetivo en la figura de los buzos de la R\u00eda de Huelva. Y es que Alberto y su equipo llevan trabajando en el rodaje de su nueva pel\u00edcula, \u2018Los Tigres\u2019, desde&hellip;","_links":{"self":[{"href":"https:\/\/www.avenateandalu.com\/index.php\/wp-json\/wp\/v2\/posts\/4532","targetHints":{"allow":["GET"]}}],"collection":[{"href":"https:\/\/www.avenateandalu.com\/index.php\/wp-json\/wp\/v2\/posts"}],"about":[{"href":"https:\/\/www.avenateandalu.com\/index.php\/wp-json\/wp\/v2\/types\/post"}],"author":[{"embeddable":true,"href":"https:\/\/www.avenateandalu.com\/index.php\/wp-json\/wp\/v2\/users\/1"}],"replies":[{"embeddable":true,"href":"https:\/\/www.avenateandalu.com\/index.php\/wp-json\/wp\/v2\/comments?post=4532"}],"version-history":[{"count":5,"href":"https:\/\/www.avenateandalu.com\/index.php\/wp-json\/wp\/v2\/posts\/4532\/revisions"}],"predecessor-version":[{"id":4544,"href":"https:\/\/www.avenateandalu.com\/index.php\/wp-json\/wp\/v2\/posts\/4532\/revisions\/4544"}],"wp:featuredmedia":[{"embeddable":true,"href":"https:\/\/www.avenateandalu.com\/index.php\/wp-json\/wp\/v2\/media\/4535"}],"wp:attachment":[{"href":"https:\/\/www.avenateandalu.com\/index.php\/wp-json\/wp\/v2\/media?parent=4532"}],"wp:term":[{"taxonomy":"category","embeddable":true,"href":"https:\/\/www.avenateandalu.com\/index.php\/wp-json\/wp\/v2\/categories?post=4532"},{"taxonomy":"post_tag","embeddable":true,"href":"https:\/\/www.avenateandalu.com\/index.php\/wp-json\/wp\/v2\/tags?post=4532"}],"curies":[{"name":"wp","href":"https:\/\/api.w.org\/{rel}","templated":true}]}}