{"id":5545,"date":"2025-02-15T16:57:24","date_gmt":"2025-02-15T16:57:24","guid":{"rendered":"https:\/\/www.avenateandalu.com\/?p=5545"},"modified":"2025-03-16T18:20:30","modified_gmt":"2025-03-16T18:20:30","slug":"28f-de-autonomia-de-primera-a-ultima-de-la-fila","status":"publish","type":"post","link":"https:\/\/www.avenateandalu.com\/index.php\/2025\/02\/15\/28f-de-autonomia-de-primera-a-ultima-de-la-fila\/","title":{"rendered":"28F: De Autonom\u00eda de Primera a \u00daltima de la Fila"},"content":{"rendered":"\n<p>Todo eran ilusiones tras la consecuci\u00f3n de la Autonom\u00eda para Andaluc\u00eda. El Pueblo Andaluz hab\u00eda conseguido abrir una puerta cerrada a cal y canto para sus anhelos, desbloqueando la posibilidad de ser tratado como otros pueblos que se sent\u00edan naci\u00f3n. Y no, Andaluc\u00eda simplemente no quer\u00eda ser menos.<\/p>\n\n\n\n<p>Junto a catalanes, vascos y gallegos, las gentes de Andaluc\u00eda se sienten por primera vez unidas para exigir su reconocimiento como &#8216;Autonom\u00eda de Primera&#8217;, y con ello, fuerzan a la b\u00fasqueda de un resquicio en una Constituci\u00f3n Espa\u00f1ola que se desentend\u00eda de la Historia Andaluza, y marginaba su deseo de autonom\u00eda, posterg\u00e1ndoles con un plan trazado para adjudicarles un papel de segunda categor\u00eda.<\/p>\n\n\n\n<p>Y pese a todo, tras aquel gran triunfo, \u00bfa d\u00f3nde hemos llegado con esa supuesta &#8216;Autonom\u00eda de Primera&#8217;?<\/p>\n\n\n\n<div style=\"height:18px\" aria-hidden=\"true\" class=\"wp-block-spacer\"><\/div>\n\n\n\n<figure class=\"wp-block-image size-full\"><img loading=\"lazy\" decoding=\"async\" width=\"880\" height=\"495\" src=\"https:\/\/www.avenateandalu.com\/wp-content\/uploads\/2025\/02\/cae76c82-595e-4bb9-a226-03a40b6e49bd_16-9-aspect-ratio_default_0.webp\" alt=\"\" class=\"wp-image-5556\" srcset=\"https:\/\/www.avenateandalu.com\/wp-content\/uploads\/2025\/02\/cae76c82-595e-4bb9-a226-03a40b6e49bd_16-9-aspect-ratio_default_0.webp 880w, https:\/\/www.avenateandalu.com\/wp-content\/uploads\/2025\/02\/cae76c82-595e-4bb9-a226-03a40b6e49bd_16-9-aspect-ratio_default_0-300x169.webp 300w, https:\/\/www.avenateandalu.com\/wp-content\/uploads\/2025\/02\/cae76c82-595e-4bb9-a226-03a40b6e49bd_16-9-aspect-ratio_default_0-768x432.webp 768w\" sizes=\"auto, (max-width: 880px) 100vw, 880px\" \/><figcaption class=\"wp-element-caption\">Andaluzas y andaluces festejando la celebraci\u00f3n del refer\u00e9ndum del 28F. Fotograf\u00eda del Correo de Andaluc\u00eda. RAM\u00d3N REIG.<\/figcaption><\/figure>\n\n\n\n<div style=\"height:27px\" aria-hidden=\"true\" class=\"wp-block-spacer\"><\/div>\n\n\n\n<p>Podr\u00e9is pensar, que efectivamente Andaluc\u00eda ha cambiado mucho respecto a la de aquella \u00e9poca. Han pasado 45 a\u00f1os desde aquel 28 de Febrero de 1980, fecha del refer\u00e9ndum. Y s\u00ed, efectivamente, las cosas han variado. Pero a pesar de las mejoras, a pesar del crecimiento, a pesar de la entrada incesante de ayudas desde Europa, a pesar del movimiento con la corriente a favor de la evoluci\u00f3n de Espa\u00f1a, Andaluc\u00eda sigue la \u00faltima de la fila en pr\u00e1cticamente todo.<\/p>\n\n\n\n<p>Casi medio siglo en el que el Pueblo Andaluz no ha dejado de estar a la cola. Lo pod\u00e9is comprobar en la gr\u00e1fica de la portada de este art\u00edculo, que recoge el PIB por habitante, es decir, la medici\u00f3n de riqueza por habitante que sustituye a la cl\u00e1sica renta per c\u00e1pita. Aunque son datos del INE del a\u00f1o 2022, los datos actuales no difieren mucho a pesar del supuesto crecimiento de nuestra econom\u00eda. Y no difieren, simplemente porque no hay convergencia hacia la media de Espa\u00f1a, no llegamos a alcanzar ni tan siquiera esa media, y mucho menos los puestos de cabeza.<\/p>\n\n\n\n<p>\u00bfQu\u00e9 ha pasado? \u00bfPor qu\u00e9 siendo uno de los territorios m\u00e1s ricos en recursos naturales y humanos seguimos en la \u00faltima posici\u00f3n a pesar de todo el capital europeo que ha llegado a Andaluc\u00eda?<\/p>\n\n\n\n<p>Catalu\u00f1a, Pa\u00eds Vasco y Madrid se mueven a otro nivel, con una ventaja por habitante de unos 11.000\u20ac por habitante, en el caso catal\u00e1n, m\u00e1s de 14.000\u20ac en el caso vasco, y m\u00e1s de 17.000\u20ac en el caso madrile\u00f1o. S\u00f3lo Galicia est\u00e1 por debajo de la media estatal, aunque nos lleva una considerable distancia, con unos 4.800\u20ac m\u00e1s por habitante gallego frente al hom\u00f3logo andaluz.<\/p>\n\n\n\n<p>\u00bfC\u00f3mo se soluciona esto?<\/p>\n\n\n\n<div style=\"height:20px\" aria-hidden=\"true\" class=\"wp-block-spacer\"><\/div>\n\n\n<div class=\"wp-block-image\">\n<figure class=\"aligncenter size-full\"><img loading=\"lazy\" decoding=\"async\" width=\"700\" height=\"393\" src=\"https:\/\/www.avenateandalu.com\/wp-content\/uploads\/2025\/02\/Exportaciones-enero-noviembre-002.jpg\" alt=\"\" class=\"wp-image-5586\" srcset=\"https:\/\/www.avenateandalu.com\/wp-content\/uploads\/2025\/02\/Exportaciones-enero-noviembre-002.jpg 700w, https:\/\/www.avenateandalu.com\/wp-content\/uploads\/2025\/02\/Exportaciones-enero-noviembre-002-300x168.jpg 300w\" sizes=\"auto, (max-width: 700px) 100vw, 700px\" \/><figcaption class=\"wp-element-caption\">Puerto de Algeciras, fundamental para la econom\u00eda andaluza y para el que ha costado lo indecible conseguir la renovaci\u00f3n de su red ferroviaria, dando prioridad a la concrecci\u00f3n del Corredor Mediterr\u00e1neo en puertos de Catalu\u00f1a y de Valencia.<\/figcaption><\/figure>\n<\/div>\n\n\n<div style=\"height:25px\" aria-hidden=\"true\" class=\"wp-block-spacer\"><\/div>\n\n\n\n<p>Pues creando riqueza interior. No hay m\u00e1s. Pero nuestros gobernantes se empe\u00f1an en atraer la inversi\u00f3n for\u00e1nea, inversi\u00f3n de fuera de Andaluc\u00eda que fundamentalmente busca cumplir con su cometido, que no es otro que enriquecerse, como ocurre con cualquier empresa. Empresas que l\u00f3gicamente no desvelan su Know-How (C\u00f3mo se hacen las cosas) y que se aprovechan de los recursos naturales andaluces y de la mano de obra barata para multiplicar sus beneficios, fiscalizando su actividad normalmente fuera de nuestras fronteras.<\/p>\n\n\n\n<p>Luego, nuestros pol\u00edticos se encargar\u00e1n de vendernos la creaci\u00f3n de puestos de trabajos, empleos que alcanzan su pico en la fase de instalaci\u00f3n o construcci\u00f3n de las empresas para luego decaer exponencialmente en la fase propiamente de explotaci\u00f3n.<\/p>\n\n\n\n<p>Sin duda, la creaci\u00f3n de puestos de trabajos est\u00e1 \u00edntimamente ligada a los votos electorales que un pol\u00edtico o gobernante recibe. Lamentablemente pasamos por alto la calidad de esos empleos y el nivel adquisitivo que permiten conseguir a la poblaci\u00f3n andaluza. S\u00f3lo nos quedamos con esos n\u00fameros, sin plantearnos si hay otras opciones de crecimiento m\u00e1s adecuadas.<\/p>\n\n\n\n<p>Pues si tanto nos gustan los n\u00fameros, aqu\u00ed tenemos algunos de esos n\u00fameros.<\/p>\n\n\n\n<p>El salario medio andaluz est\u00e1 establecido, seg\u00fan datos de la Junta de Andaluc\u00eda del a\u00f1o 2023, en unos 20.000\u20ac para los andaluces y unos 16.000\u20ac para las andaluzas, lo que hace una media de unos 18.000\u20ac anuales. Hablamos de unos 1.055\u20ac netos en 14 pagas con las actuales condiciones de IRPF.<\/p>\n\n\n\n<div style=\"height:21px\" aria-hidden=\"true\" class=\"wp-block-spacer\"><\/div>\n\n\n<div class=\"wp-block-image\">\n<figure class=\"aligncenter size-large\"><img loading=\"lazy\" decoding=\"async\" width=\"1024\" height=\"451\" src=\"https:\/\/www.avenateandalu.com\/wp-content\/uploads\/2025\/02\/Sueldo-Medio-2023_JuntaAndalucia_reduc-1024x451.jpg\" alt=\"\" class=\"wp-image-5549\" srcset=\"https:\/\/www.avenateandalu.com\/wp-content\/uploads\/2025\/02\/Sueldo-Medio-2023_JuntaAndalucia_reduc-1024x451.jpg 1024w, https:\/\/www.avenateandalu.com\/wp-content\/uploads\/2025\/02\/Sueldo-Medio-2023_JuntaAndalucia_reduc-300x132.jpg 300w, https:\/\/www.avenateandalu.com\/wp-content\/uploads\/2025\/02\/Sueldo-Medio-2023_JuntaAndalucia_reduc-768x338.jpg 768w, https:\/\/www.avenateandalu.com\/wp-content\/uploads\/2025\/02\/Sueldo-Medio-2023_JuntaAndalucia_reduc.jpg 1200w\" sizes=\"auto, (max-width: 1024px) 100vw, 1024px\" \/><\/figure>\n<\/div>\n\n\n<div style=\"height:18px\" aria-hidden=\"true\" class=\"wp-block-spacer\"><\/div>\n\n\n\n<p>Frente a esto, \u00bfno ser\u00eda una estrategia mejor la de incentivar con mayor esfuerzo la creaci\u00f3n y desarrollo de empresas aut\u00f3ctonas que no tuvieran que competir en terreno propio con empresas for\u00e1neas mucho m\u00e1s potentes? \u00bfNo repercutir\u00eda ello en un mayor beneficio del territorio a trav\u00e9s de la proliferaci\u00f3n de esas empresas y cooperativas aut\u00f3ctonas? Algo as\u00ed como por ejemplo el modelo de COVAP, o el de USISA. \u00bfNo interesa m\u00e1s ese modelo?<\/p>\n\n\n\n<div style=\"height:16px\" aria-hidden=\"true\" class=\"wp-block-spacer\"><\/div>\n\n\n\n<figure class=\"wp-block-gallery has-nested-images columns-default is-cropped wp-block-gallery-1 is-layout-flex wp-block-gallery-is-layout-flex\">\n<figure class=\"wp-block-image size-large\"><img loading=\"lazy\" decoding=\"async\" width=\"600\" height=\"400\" data-id=\"5557\" src=\"https:\/\/www.avenateandalu.com\/wp-content\/uploads\/2025\/02\/2022-08-10_Usisa.jpg\" alt=\"\" class=\"wp-image-5557\" srcset=\"https:\/\/www.avenateandalu.com\/wp-content\/uploads\/2025\/02\/2022-08-10_Usisa.jpg 600w, https:\/\/www.avenateandalu.com\/wp-content\/uploads\/2025\/02\/2022-08-10_Usisa-300x200.jpg 300w\" sizes=\"auto, (max-width: 600px) 100vw, 600px\" \/><\/figure>\n\n\n\n<figure class=\"wp-block-image size-large\"><img loading=\"lazy\" decoding=\"async\" width=\"720\" height=\"456\" data-id=\"5558\" src=\"https:\/\/www.avenateandalu.com\/wp-content\/uploads\/2025\/02\/COVAP.jpg\" alt=\"\" class=\"wp-image-5558\" srcset=\"https:\/\/www.avenateandalu.com\/wp-content\/uploads\/2025\/02\/COVAP.jpg 720w, https:\/\/www.avenateandalu.com\/wp-content\/uploads\/2025\/02\/COVAP-300x190.jpg 300w\" sizes=\"auto, (max-width: 720px) 100vw, 720px\" \/><\/figure>\n<\/figure>\n\n\n\n<div style=\"height:29px\" aria-hidden=\"true\" class=\"wp-block-spacer\"><\/div>\n\n\n\n<p>Andaluc\u00eda no est\u00e1 s\u00f3lo la \u00faltima en lo que a nivel econ\u00f3mico se refiere si redistribuimos su riqueza entre sus habitantes, sino que estad\u00edsticamente, ocupamos tambi\u00e9n esos puestos de cola en otras muchas gr\u00e1ficas, como por ejemplo, en la inversi\u00f3n sanitaria por cada habitante. Aqu\u00ed vemos un estudio propocionado por la Asociaci\u00f3n MIR, donde se recoge la inversi\u00f3n por habitante en cada autonom\u00eda para el a\u00f1o 2022:<\/p>\n\n\n\n<div style=\"height:21px\" aria-hidden=\"true\" class=\"wp-block-spacer\"><\/div>\n\n\n<div class=\"wp-block-image\">\n<figure class=\"aligncenter size-full\"><img loading=\"lazy\" decoding=\"async\" width=\"680\" height=\"680\" src=\"https:\/\/www.avenateandalu.com\/wp-content\/uploads\/2025\/02\/Asociacion-MIR-Gasto-por-Habitante-en-Sanidad.jpg\" alt=\"\" class=\"wp-image-5551\" srcset=\"https:\/\/www.avenateandalu.com\/wp-content\/uploads\/2025\/02\/Asociacion-MIR-Gasto-por-Habitante-en-Sanidad.jpg 680w, https:\/\/www.avenateandalu.com\/wp-content\/uploads\/2025\/02\/Asociacion-MIR-Gasto-por-Habitante-en-Sanidad-300x300.jpg 300w, https:\/\/www.avenateandalu.com\/wp-content\/uploads\/2025\/02\/Asociacion-MIR-Gasto-por-Habitante-en-Sanidad-150x150.jpg 150w\" sizes=\"auto, (max-width: 680px) 100vw, 680px\" \/><\/figure>\n<\/div>\n\n\n<div style=\"height:18px\" aria-hidden=\"true\" class=\"wp-block-spacer\"><\/div>\n\n\n\n<p>\u00bfVeis c\u00f3mo se utiliza la informaci\u00f3n seg\u00fan se quiere? Cu\u00e1ntas veces habremos escuchado al presidente de la Junta de Andaluc\u00eda hablar del incremento de la inversi\u00f3n en la Sanidad Andaluza, pues como pod\u00e9is comprobar, el hecho de que se incremente dicha inversi\u00f3n, no supone que abandonemos la cola de la inversi\u00f3n sanitaria. Y esto mismo ocurre con otros campos, como el de la educaci\u00f3n.<\/p>\n\n\n\n<p>No significa que los presupuestos&nbsp; no se incrementen (luego est\u00e1, que se ejecuten, que eso es otro tema), sino que dicho aumento no es suficiente para recortar las diferencias que nos separan de otros territorios. Y es que en esos otros territorios, tambi\u00e9n se incrementan los presupuestos en igual medida o incluso en mayor cantidad.<\/p>\n\n\n\n<p>Volviendo al tema de nuestro tejido productivo, \u00bfcu\u00e1ntas empresas andaluzas conoc\u00e9is que verdaderamente sean competitivas en su sector? \u00bfcu\u00e1ntas de ellas pertenecen al sector primario (agricultura, ganader\u00eda, pesca y miner\u00eda), cu\u00e1ntas al sector secundario (manufactura, fabricaci\u00f3n y transformaci\u00f3n) y cu\u00e1ntas al sector terciario (servicios)?<\/p>\n\n\n\n<p>\u00bfCu\u00e1ntas pagan sus impuestos en Andaluc\u00eda? \u00bfcu\u00e1ntas tienen su sede central y fiscal en nuestra autonom\u00eda?<\/p>\n\n\n\n<p>Basta sumergirse un poco en las cifras para comprobar que nuestra econom\u00eda sigue sin desarrollar su sector secundario, y cuando lo hace, es por el esfuerzo al un\u00edsono de cooperativistas, o de empresarios con una decisi\u00f3n clara, apoyados por el compromiso de sus trabajadores. Seg\u00fan publicaba la Junta de Andaluc\u00eda en <strong>diciembre de 2023<\/strong>, con datos del a\u00f1o 2022, el 74,5% de las andaluzas y andaluces trabajan en el sector servicios (sector terciario). La cifra en el sector primario (agricultura, ganader\u00eda, silvicultura y pesca) representa el 11,5%. En el caso de la industria, energ\u00eda, agua y gesti\u00f3n de residuos, la cifra es de tan s\u00f3lo un 8%, mientras que la construcci\u00f3n absorbe el 6% restante.<\/p>\n\n\n\n<p>&nbsp;En 45 a\u00f1os de Autonom\u00eda Andaluza, las fuerzas pol\u00edticas dirigentes, tanto PSOE como PP se han mostrado incapaces de desarrollar nuestro sector secundario, apostando por traer de fuera lo que debemos hacer crecer desde dentro.<\/p>\n\n\n\n<div style=\"height:20px\" aria-hidden=\"true\" class=\"wp-block-spacer\"><\/div>\n\n\n\n<figure class=\"wp-block-embed is-type-video is-provider-youtube wp-block-embed-youtube wp-embed-aspect-16-9 wp-has-aspect-ratio\"><div class=\"wp-block-embed__wrapper\">\n<iframe loading=\"lazy\" title=\"Las Marismas de Lebrija SCA: conoce nuestra cooperativa, conoce nuestros valores\" width=\"1200\" height=\"675\" src=\"https:\/\/www.youtube.com\/embed\/om7ovpignv8?feature=oembed\" frameborder=\"0\" allow=\"accelerometer; autoplay; clipboard-write; encrypted-media; gyroscope; picture-in-picture; web-share\" referrerpolicy=\"strict-origin-when-cross-origin\" allowfullscreen><\/iframe>\n<\/div><\/figure>\n\n\n\n<div style=\"height:22px\" aria-hidden=\"true\" class=\"wp-block-spacer\"><\/div>\n\n\n\n<p>Las cooperativas son nuestro tesoro, y a partir de ellas, la creaci\u00f3n de tejido industrial diversificado, con una clara apuesta por el I+D. \u00bfDe verdad que nuestros pol\u00edticos y sus asesores todav\u00eda no han reparado en ello, empe\u00f1ados en atraer capital externo?<\/p>\n\n\n\n<p>Pese a la capacidad productora de Andaluc\u00eda en nuestro sector primario, demostramos una incapacidad abrumadora para transformar esos productos primarios, que adquieren un mayor valor cuando se transforman, porque nuestra Administraci\u00f3n Auton\u00f3mica sigue mirando al exterior. Quiz\u00e1s en este sentido deber\u00eda fijarse m\u00e1s en el compromiso de administraciones como la vasca o la catalana con su tejido productivo aut\u00f3ctono.<\/p>\n\n\n\n<p>El n\u00famero de f\u00e1bricas y manufacturas que transforma nuestros productos primarios para llegar al mercado y conseguir unos mayores ingresos por un bien manufacturado o procesado sigue estando muy por debajo del nivel que podr\u00edamos tener, del nivel que tienen econom\u00edas punteras como la vasca, catalana o navarra.<\/p>\n\n\n\n<p>Curiosamente, cualquier estudio de mercado mostrar\u00e1 que es el sector secundario el que consigue una mejor calidad de sus empleos y una mayor estabilidad frente a la temporalidad y a la inferiores condiciones de los empleos en los otros sectores productivos, como el primario y el terciario.<\/p>\n\n\n\n<p>Andaluc\u00eda fue forzada a quedar descolgada de la Revoluci\u00f3n Industrial, pese a sus notables comienzos en el siglo XX. Pero resulta muy curioso c\u00f3mo las pol\u00edticas desarrolladas desde el Gobierno estatal y el Gobierno auton\u00f3mico no han hecho sino mantener ese estancamiento del sector productivo secundario andaluz en este nuevo per\u00edodo democr\u00e1tico.<\/p>\n\n\n\n<div style=\"height:19px\" aria-hidden=\"true\" class=\"wp-block-spacer\"><\/div>\n\n\n\n<figure class=\"wp-block-gallery has-nested-images columns-default is-cropped wp-block-gallery-2 is-layout-flex wp-block-gallery-is-layout-flex\">\n<figure class=\"wp-block-image size-large\"><img loading=\"lazy\" decoding=\"async\" width=\"284\" height=\"178\" data-id=\"5567\" src=\"https:\/\/www.avenateandalu.com\/wp-content\/uploads\/2025\/02\/Altos-hornos-Malaga2.jpg\" alt=\"\" class=\"wp-image-5567\"\/><\/figure>\n\n\n\n<figure class=\"wp-block-image size-large\"><img loading=\"lazy\" decoding=\"async\" width=\"619\" height=\"349\" data-id=\"5568\" src=\"https:\/\/www.avenateandalu.com\/wp-content\/uploads\/2025\/02\/factoria-ultima-foto-kFbG-620x349@abc.jpg\" alt=\"\" class=\"wp-image-5568\" srcset=\"https:\/\/www.avenateandalu.com\/wp-content\/uploads\/2025\/02\/factoria-ultima-foto-kFbG-620x349@abc.jpg 619w, https:\/\/www.avenateandalu.com\/wp-content\/uploads\/2025\/02\/factoria-ultima-foto-kFbG-620x349@abc-300x169.jpg 300w\" sizes=\"auto, (max-width: 619px) 100vw, 619px\" \/><\/figure>\n<\/figure>\n\n\n\n<p>Fotograf\u00edas de los altos hornos de M\u00e1laga y de los telares de Hytasa en Sevilla.<\/p>\n\n\n\n<p>Hist\u00f3ricamente, nuestras provincias destacaron, en todas las \u00e9pocas, por su capacidad de manufactura y de producci\u00f3n, aprovechando sus ricos recursos naturales que ellas mismas explotaban. Fueron otros tiempos.<\/p>\n\n\n\n<p>Tras la dictadura, las pol\u00edticas desplegadas desde Madrid, y desde la capital administrativa andaluza, Sevilla, tras la consecuci\u00f3n de la Autonom\u00eda, no han hecho sino mantener una influencia min\u00fascula de nuestra industria en nuestra econom\u00eda. \u00bfManiobra \u00e9sta interesada o ineficacia manifiesta de nuestros pol\u00edticos?<\/p>\n\n\n\n<p>La inversi\u00f3n en I+D, pese a las buenas noticias que se intentan \u2018vender\u2019 desde las p\u00e1ginas de la Junta de Andaluc\u00eda, reflejan esta evoluci\u00f3n de datos, seg\u00fan los datos del INE en los a\u00f1os 2021 y 2023.<\/p>\n\n\n\n<div style=\"height:17px\" aria-hidden=\"true\" class=\"wp-block-spacer\"><\/div>\n\n\n\n<figure class=\"wp-block-image size-full\"><img loading=\"lazy\" decoding=\"async\" width=\"837\" height=\"552\" src=\"https:\/\/www.avenateandalu.com\/wp-content\/uploads\/2025\/02\/Gasto-en-ID-por-habitante.jpg\" alt=\"\" class=\"wp-image-5552\" srcset=\"https:\/\/www.avenateandalu.com\/wp-content\/uploads\/2025\/02\/Gasto-en-ID-por-habitante.jpg 837w, https:\/\/www.avenateandalu.com\/wp-content\/uploads\/2025\/02\/Gasto-en-ID-por-habitante-300x198.jpg 300w, https:\/\/www.avenateandalu.com\/wp-content\/uploads\/2025\/02\/Gasto-en-ID-por-habitante-768x506.jpg 768w\" sizes=\"auto, (max-width: 837px) 100vw, 837px\" \/><\/figure>\n\n\n\n<div style=\"height:40px\" aria-hidden=\"true\" class=\"wp-block-spacer\"><\/div>\n\n\n\n<figure class=\"wp-block-image size-full\"><img loading=\"lazy\" decoding=\"async\" width=\"979\" height=\"589\" src=\"https:\/\/www.avenateandalu.com\/wp-content\/uploads\/2025\/02\/Gasto-en-ID-por-habitante-ano-2023.jpg\" alt=\"\" class=\"wp-image-5553\" srcset=\"https:\/\/www.avenateandalu.com\/wp-content\/uploads\/2025\/02\/Gasto-en-ID-por-habitante-ano-2023.jpg 979w, https:\/\/www.avenateandalu.com\/wp-content\/uploads\/2025\/02\/Gasto-en-ID-por-habitante-ano-2023-300x180.jpg 300w, https:\/\/www.avenateandalu.com\/wp-content\/uploads\/2025\/02\/Gasto-en-ID-por-habitante-ano-2023-768x462.jpg 768w\" sizes=\"auto, (max-width: 979px) 100vw, 979px\" \/><\/figure>\n\n\n\n<div style=\"height:18px\" aria-hidden=\"true\" class=\"wp-block-spacer\"><\/div>\n\n\n\n<p>Curiosamente la mayor parte de ese I+D viene desarrollado en Andaluc\u00eda por las universidades andaluzas, que se quejan de su financiaci\u00f3n, mientras se las perjudica con una cada vez m\u00e1s clara apuesta por la universidad privada. No hace falta ser muy listo para darse cuenta de que si se le cierra el grifo en la financiaci\u00f3n y encima se le ponen obst\u00e1culos en el camino, lo m\u00e1s probable es que dichas entidades p\u00fablicas reduzcan sus esfuerzos en el apartado de I+D, tan necesario para nuestra econom\u00eda.<\/p>\n\n\n\n<p>Ante toda esta informaci\u00f3n, ante todos estos datos, est\u00e1 claro que algo no funciona. Algo no se est\u00e1 haciendo bien. Y pese a todo, Andaluc\u00eda con todas sus limitaciones sigue siendo la tercera autonom\u00eda en aportaci\u00f3n al PIB de Espa\u00f1a, tras Madrid y Catalu\u00f1a.<\/p>\n\n\n\n<div style=\"height:24px\" aria-hidden=\"true\" class=\"wp-block-spacer\"><\/div>\n\n\n\n<figure class=\"wp-block-image size-full\"><img loading=\"lazy\" decoding=\"async\" width=\"337\" height=\"640\" src=\"https:\/\/www.avenateandalu.com\/wp-content\/uploads\/2025\/02\/PIB-por-Autonomia_LaRazon.jpg\" alt=\"\" class=\"wp-image-5554\" srcset=\"https:\/\/www.avenateandalu.com\/wp-content\/uploads\/2025\/02\/PIB-por-Autonomia_LaRazon.jpg 337w, https:\/\/www.avenateandalu.com\/wp-content\/uploads\/2025\/02\/PIB-por-Autonomia_LaRazon-158x300.jpg 158w\" sizes=\"auto, (max-width: 337px) 100vw, 337px\" \/><figcaption class=\"wp-element-caption\">Fuente: Diario La Raz\u00f3n.<\/figcaption><\/figure>\n\n\n\n<div style=\"height:28px\" aria-hidden=\"true\" class=\"wp-block-spacer\"><\/div>\n\n\n\n<p>\u00bfPor qu\u00e9 la riqueza de Andaluc\u00eda no incide proporcionalmente en la riqueza de los andaluces?<\/p>\n\n\n\n<p>En este 28F, una sencilla reflexi\u00f3n.<\/p>\n\n\n\n<p>Catalu\u00f1a y Pa\u00eds Vasco destacan por un fuerte poder pol\u00edtico propio. A derechas e izquierdas, los catalanes y vascos suelen votar a partidos propios.<\/p>\n\n\n\n<div style=\"height:17px\" aria-hidden=\"true\" class=\"wp-block-spacer\"><\/div>\n\n\n\n<div class=\"wp-block-jetpack-tiled-gallery aligncenter is-style-columns\"><div class=\"\"><div class=\"tiled-gallery__gallery\"><div class=\"tiled-gallery__row\"><div class=\"tiled-gallery__col\" style=\"flex-basis:32.84589%\"><figure class=\"tiled-gallery__item\"><img decoding=\"async\" alt=\"\" data-height=\"168\" data-id=\"5584\" data-link=\"https:\/\/www.avenateandalu.com\/?attachment_id=5584#main\" data-url=\"https:\/\/www.avenateandalu.com\/wp-content\/uploads\/2025\/02\/Junts.jpg\" data-width=\"300\" src=\"https:\/\/i0.wp.com\/www.avenateandalu.com\/wp-content\/uploads\/2025\/02\/Junts.jpg?ssl=1\" data-amp-layout=\"responsive\" tabindex=\"0\" role=\"button\" aria-label=\"Abrir la imagen 1 de 6 en pantalla completa\"\/><\/figure><figure class=\"tiled-gallery__item\"><img decoding=\"async\" alt=\"\" data-height=\"188\" data-id=\"5562\" data-link=\"https:\/\/www.avenateandalu.com\/?attachment_id=5562#main\" data-url=\"https:\/\/www.avenateandalu.com\/wp-content\/uploads\/2025\/02\/Ayuso.jpg\" data-width=\"268\" src=\"https:\/\/i0.wp.com\/www.avenateandalu.com\/wp-content\/uploads\/2025\/02\/Ayuso.jpg?ssl=1\" data-amp-layout=\"responsive\" tabindex=\"0\" role=\"button\" aria-label=\"Abrir la imagen 2 de 6 en pantalla completa\"\/><\/figure><figure class=\"tiled-gallery__item\"><img decoding=\"async\" alt=\"\" data-height=\"183\" data-id=\"5587\" data-link=\"https:\/\/www.avenateandalu.com\/?attachment_id=5587#main\" data-url=\"https:\/\/www.avenateandalu.com\/wp-content\/uploads\/2025\/02\/Ehbildu.jpg\" data-width=\"275\" src=\"https:\/\/i0.wp.com\/www.avenateandalu.com\/wp-content\/uploads\/2025\/02\/Ehbildu.jpg?ssl=1\" data-amp-layout=\"responsive\" tabindex=\"0\" role=\"button\" aria-label=\"Abrir la imagen 3 de 6 en pantalla completa\"\/><\/figure><figure class=\"tiled-gallery__item\"><img decoding=\"async\" alt=\"\" data-height=\"168\" data-id=\"5582\" data-link=\"https:\/\/www.avenateandalu.com\/?attachment_id=5582#main\" data-url=\"https:\/\/www.avenateandalu.com\/wp-content\/uploads\/2025\/02\/Rufian-1.jpg\" data-width=\"300\" src=\"https:\/\/i0.wp.com\/www.avenateandalu.com\/wp-content\/uploads\/2025\/02\/Rufian-1.jpg?ssl=1\" data-amp-layout=\"responsive\" tabindex=\"0\" role=\"button\" aria-label=\"Abrir la imagen 4 de 6 en pantalla completa\"\/><\/figure><\/div><div class=\"tiled-gallery__col\" style=\"flex-basis:67.15411%\"><figure class=\"tiled-gallery__item\"><img decoding=\"async\" alt=\"\" data-height=\"352\" data-id=\"5563\" data-link=\"https:\/\/www.avenateandalu.com\/?attachment_id=5563#main\" data-url=\"https:\/\/www.avenateandalu.com\/wp-content\/uploads\/2025\/02\/351800ef-e918-40b9-8897-e5d50b2dc1d7_source-aspect-ratio_default_0.jpg\" data-width=\"600\" src=\"https:\/\/i0.wp.com\/www.avenateandalu.com\/wp-content\/uploads\/2025\/02\/351800ef-e918-40b9-8897-e5d50b2dc1d7_source-aspect-ratio_default_0.jpg?ssl=1\" data-amp-layout=\"responsive\" tabindex=\"0\" role=\"button\" aria-label=\"Abrir la imagen 5 de 6 en pantalla completa\"\/><\/figure><figure class=\"tiled-gallery__item\"><img decoding=\"async\" alt=\"\" data-height=\"410\" data-id=\"5583\" data-link=\"https:\/\/www.avenateandalu.com\/?attachment_id=5583#main\" data-url=\"https:\/\/www.avenateandalu.com\/wp-content\/uploads\/2025\/02\/PNV-1.jpg\" data-width=\"650\" src=\"https:\/\/i0.wp.com\/www.avenateandalu.com\/wp-content\/uploads\/2025\/02\/PNV-1.jpg?ssl=1\" data-amp-layout=\"responsive\" tabindex=\"0\" role=\"button\" aria-label=\"Abrir la imagen 6 de 6 en pantalla completa\"\/><\/figure><\/div><\/div><\/div><\/div><\/div>\n\n\n\n<div style=\"height:20px\" aria-hidden=\"true\" class=\"wp-block-spacer\"><\/div>\n\n\n\n<p>Madrid, al ser la capital de Espa\u00f1a, y aglutinar la mayor\u00eda de las instituciones a nivel estatal, parte con ventaja ante cualquier competidor. Y m\u00e1s a\u00fan con las rebajas fiscales que ha venido planteando para la atracci\u00f3n de empresas ubicadas en otros territorios del Estado espa\u00f1ol, hecho \u00e9ste que ha permitido que entidades que explotan los recursos andaluces, puedan tributar sin ning\u00fan problema en la ciudad de la Cibeles.<\/p>\n\n\n\n<p>Galicia, tras otras experiencias pol\u00edticas, comienza a creer en su BNG, que ha obtenido en las \u00faltimas elecciones auton\u00f3micas unos inmejorables resultados.<\/p>\n\n\n\n<p>Vemos que las nacionalidades hist\u00f3ricas tienen todas un poder pol\u00edtico propio a trav\u00e9s de partidos que no dependen de \u00f3rganos centrales en Madrid. <\/p>\n\n\n\n<p>Bueno, todas las nacionalidades hist\u00f3ricas no. Andaluc\u00eda curiosamente es la \u00fanica que carece de partidos propios, independientes de Madrid, que reciban esa confianza del Pueblo Andaluz para reclamar la cobertura de las necesidades de Andaluc\u00eda en cualquier foro estatal (Congreso, Senado, etc).<\/p>\n\n\n\n<p>Esos partidos s\u00ed existen, el problema es que el porcentaje de votos que reciben es min\u00fasculo en comparaci\u00f3n al resto de partidos. Est\u00e1 Adelante Andaluc\u00eda (con 2 parlamentarios andaluces en sus filas, Jos\u00e9 Ignacio y Maribel Mora), Andaluc\u00eda por S\u00ed (cuya representaci\u00f3n institucional se basa en el \u00e1mbito municipal, con concejales y alcaldes en varios ayuntamientos andaluces), Izquierda Andalucista y Defender Andaluc\u00eda (integrados en la propia Adelante Andaluc\u00eda) y Naci\u00f3n Andaluza, como m\u00e1s destacables.<\/p>\n\n\n\n<div style=\"height:16px\" aria-hidden=\"true\" class=\"wp-block-spacer\"><\/div>\n\n\n\n<div class=\"wp-block-columns is-layout-flex wp-container-core-columns-is-layout-9d6595d7 wp-block-columns-is-layout-flex\">\n<div class=\"wp-block-column has-contrast-background-color has-background is-layout-flow wp-block-column-is-layout-flow\">\n<div style=\"height:30px\" aria-hidden=\"true\" class=\"wp-block-spacer\"><\/div>\n\n\n<div class=\"wp-block-image\">\n<figure class=\"aligncenter size-full\"><img loading=\"lazy\" decoding=\"async\" width=\"225\" height=\"225\" src=\"https:\/\/www.avenateandalu.com\/wp-content\/uploads\/2025\/02\/Adelante_jpg.jpg\" alt=\"\" class=\"wp-image-5575\" srcset=\"https:\/\/www.avenateandalu.com\/wp-content\/uploads\/2025\/02\/Adelante_jpg.jpg 225w, https:\/\/www.avenateandalu.com\/wp-content\/uploads\/2025\/02\/Adelante_jpg-150x150.jpg 150w\" sizes=\"auto, (max-width: 225px) 100vw, 225px\" \/><\/figure>\n<\/div>\n\n\n<div style=\"height:30px\" aria-hidden=\"true\" class=\"wp-block-spacer\"><\/div>\n\n\n<div class=\"wp-block-image\">\n<figure class=\"aligncenter size-full\"><img loading=\"lazy\" decoding=\"async\" width=\"225\" height=\"225\" src=\"https:\/\/www.avenateandalu.com\/wp-content\/uploads\/2025\/02\/AndaluciaPorSi-1.jpg\" alt=\"\" class=\"wp-image-5577\" srcset=\"https:\/\/www.avenateandalu.com\/wp-content\/uploads\/2025\/02\/AndaluciaPorSi-1.jpg 225w, https:\/\/www.avenateandalu.com\/wp-content\/uploads\/2025\/02\/AndaluciaPorSi-1-150x150.jpg 150w\" sizes=\"auto, (max-width: 225px) 100vw, 225px\" \/><\/figure>\n<\/div>\n\n\n<div style=\"height:30px\" aria-hidden=\"true\" class=\"wp-block-spacer\"><\/div>\n\n\n<div class=\"wp-block-image\">\n<figure class=\"aligncenter size-full\"><img loading=\"lazy\" decoding=\"async\" width=\"225\" height=\"159\" src=\"https:\/\/www.avenateandalu.com\/wp-content\/uploads\/2025\/02\/IzAnd_jpg.jpg\" alt=\"\" class=\"wp-image-5576\"\/><\/figure>\n<\/div>\n\n\n<div style=\"height:30px\" aria-hidden=\"true\" class=\"wp-block-spacer\"><\/div>\n<\/div>\n\n\n\n<div class=\"wp-block-column has-contrast-background-color has-background is-layout-flow wp-block-column-is-layout-flow\">\n<div style=\"height:60px\" aria-hidden=\"true\" class=\"wp-block-spacer\"><\/div>\n\n\n<div class=\"wp-block-image\">\n<figure class=\"aligncenter size-full is-resized\"><img loading=\"lazy\" decoding=\"async\" width=\"225\" height=\"87\" src=\"https:\/\/www.avenateandalu.com\/wp-content\/uploads\/2025\/02\/Defender-Andalucia_jpg.jpg\" alt=\"\" class=\"wp-image-5578\" style=\"width:339px;height:auto\"\/><\/figure>\n<\/div>\n\n\n<div style=\"height:60px\" aria-hidden=\"true\" class=\"wp-block-spacer\"><\/div>\n\n\n<div class=\"wp-block-image\">\n<figure class=\"aligncenter size-full\"><img loading=\"lazy\" decoding=\"async\" width=\"225\" height=\"168\" src=\"https:\/\/www.avenateandalu.com\/wp-content\/uploads\/2025\/02\/Nacion-1.jpg\" alt=\"\" class=\"wp-image-5579\"\/><\/figure>\n<\/div>\n\n\n<p><\/p>\n<\/div>\n<\/div>\n\n\n\n<div style=\"height:31px\" aria-hidden=\"true\" class=\"wp-block-spacer\"><\/div>\n\n\n\n<p>\u00bfPara qu\u00e9 sirve ser una Autonom\u00eda de primera, si eres gobernado por los mismos partidos que gobiernan en Madrid? \u00bfde qu\u00e9 sirve votar a un partido que cuando gobierna en Madrid adopta medidas contra los intereses de tus gentes, sea a la izquierda o a la derecha del arco pol\u00edtico estatal?<\/p>\n\n\n\n<p>Dicen los estudiosos que los moriscos, andalus\u00edes convertidos al cristianismo, buscaban demostrar continuamente su cristiandad para evitar caer en la sospecha y las represalias.<\/p>\n\n\n\n<p>Las andaluzas y andaluces actuamos de un modo similar, ser\u00e1 porque son nuestros antepasados aunque a muchos les pese. Nos empe\u00f1amos en demostrar que somos m\u00e1s espa\u00f1oles que nadie, y eso, junto a las cr\u00edticas continuas externas contra nuestra lengua, costumbres, etc, nos han hecho adoptar una postura que no entiende realmente el alcance que tiene la palabra \u2018Autonom\u00eda\u2019, tan deseada por Blas Infante, y tan defenestrada por nuestro voto electoral, que suele marchar para apoyar a los mismos partidos centralistas que luego nos perjudican en sus pactos.<\/p>\n\n\n\n<p>\u00bfEs que los andaluces y andaluzas no nos vemos con capacidad propia y tenemos que seguir dejando que nos lleven de la manita partidos centralistas que a las primeras de cambio act\u00faan contra nuestros intereses a pesar de que son votados aqu\u00ed mayoritariamente?<\/p>\n\n\n\n<p>\u00bfPor qu\u00e9 el Pa\u00eds Vasco tiene derecho a construir un t\u00fanel bajo su r\u00eda, por decisi\u00f3n de su gobierno auton\u00f3mico, y a nosotros se nos obliga a construir un puente sobre el r\u00edo Guadalquivir, por designios del gobierno estatal, cuando el impacto ambiental desechaba esta idea en primera estancia? \u00bfPor qu\u00e9 Madrid decide lo que se hace o no en Andaluc\u00eda, en Ja\u00e9n, en Almer\u00eda, en Huelva o en cualquiera de las provincias andaluzas?<\/p>\n\n\n\n<p>El problema no es el Pa\u00eds Vasco. El problema tampoco est\u00e1 en Madrid. El problema est\u00e1 aqu\u00ed, en Andaluc\u00eda. En nuestra incapacidad para darnos cuenta de que no podemos seguir bajo el yugo externo de quien juega con nuestro voto, sea PP, PSOE, Sumar, Vox, Podemos, Cs, etc.<\/p>\n\n\n\n<p>Ojal\u00e1 este nuevo 28F (que nunca debi\u00f3 ser el D\u00eda de Andaluc\u00eda, por la importancia contrastada de aquel&nbsp; 4 de diciembre de 1977) haga que m\u00e1s andaluzas y andaluces despierten de su estado semialetargado para la consecuci\u00f3n de un poder pol\u00edtico andaluz, y se abran a la pol\u00edtica (red compleja que controla absolutamente todo el desarrollo de nuestra sociedad) percibiendo de este modo que necesitamos potenciar ese poder pol\u00edtico propio para cambiar nuestra realidad.<\/p>\n\n\n\n<p>Tenemos que despertar del embaucamiento num\u00e9rico que medios afines a los partidos gobernantes nos suelen transmitir.&nbsp; Y es que, con esta realidad, con un sueldo medio de 1.055\u20ac, que antes hemos comentado, cuesta mucho vivir. Quiz\u00e1s habr\u00eda que preguntarle a la se\u00f1ora Montero, como vivir\u00eda ella con este sueldo medio, o quiz\u00e1s deber\u00edamos pregunt\u00e1rselo al se\u00f1or presidente Moreno Bonilla, cuando \u00e9l y los suyos hablan del milagro econ\u00f3mico andaluz. &nbsp;<\/p>\n\n\n\n<p>En este 28F, nada que celebrar. Ni en nuestra parte oriental ni en nuestra parte occidental. En toda Andaluc\u00eda, pese a la belleza de nuestra tierra, resulta muy complicado vivir y llegar a fin de mes para la gran mayor\u00eda de andaluzas y andaluces. \u00bfDe qu\u00e9 sirve vivir en una tierra tan bella si cuesta tanto disfrutarla? La supuesta izquierda centralista se pelea en estos d\u00edas para ver si cobra impuestos o no a las personas que cobran el sueldo m\u00ednimo interprofesional. 1 de cada 5 de esas personas es andaluz. Un sueldo m\u00ednimo que ha ascendido a la irrisoria cantidad de 1.148\u20ac. Mientras, los alquileres de viviendas siguen dispar\u00e1ndose, la cesta de la compra se vuelve prohibitiva y el sue\u00f1o de comprar una vivienda se hace inalcanzable. <\/p>\n\n\n\n<p>Andaluc\u00eda, 28F. Reclamamos poder vivir.<\/p>\n\n\n\n<div style=\"height:36px\" aria-hidden=\"true\" class=\"wp-block-spacer\"><\/div>\n\n\n\n<p>Fuente gr\u00e1fica de portada: Diario La Raz\u00f3n.<\/p>\n\n\n\n<div style=\"height:35px\" aria-hidden=\"true\" class=\"wp-block-spacer\"><\/div>\n\n\n\n<div class=\"wp-block-buttons is-layout-flex wp-block-buttons-is-layout-flex\">\n<div class=\"wp-block-button is-style-outline is-style-outline--3\"><a class=\"wp-block-button__link has-white-color has-text-color has-background wp-element-button\" href=\"https:\/\/www.avenateandalu.com\/\" style=\"border-radius:50px;background-color:#057831\">Volver a Inicio<\/a><\/div>\n\n\n\n<div class=\"wp-block-button is-style-outline is-style-outline--4\"><a class=\"wp-block-button__link has-white-color has-text-color has-background wp-element-button\" href=\"https:\/\/www.avenateandalu.com\/index.php\/politica-andaluza\/\" style=\"border-radius:50px;background-color:#057831\">Volver a Pol\u00edtica y Sociedad Andaluza<\/a><\/div>\n<\/div>\n<div class=\"likebtn_container\" style=\"\"><!-- LikeBtn.com BEGIN --><span class=\"likebtn-wrapper\"  data-identifier=\"post_5545\"  data-site_id=\"658af34a943ec97271c5d7cc\"  data-lang=\"es\"  data-white_label=\"true\"  data-style=\"\"  data-unlike_allowed=\"\"  data-show_copyright=\"\"  data-item_url=\"https:\/\/www.avenateandalu.com\/index.php\/2025\/02\/15\/28f-de-autonomia-de-primera-a-ultima-de-la-fila\/\"  data-item_title=\"28F: De Autonom\u00eda de Primera a \u00daltima de la Fila\"  data-item_image=\"https:\/\/www.avenateandalu.com\/wp-content\/uploads\/2025\/02\/PIB-por-habitante-Autonomia_LaRazon.jpg\"  data-item_date=\"2025-02-15T16:57:24+00:00\"  data-engine=\"WordPress\"  data-plugin_v=\"2.6.58\"  data-prx=\"https:\/\/www.avenateandalu.com\/wp-admin\/admin-ajax.php?action=likebtn_prx\"  data-event_handler=\"likebtn_eh\" ><\/span><!-- LikeBtn.com END --><\/div>","protected":false},"excerpt":{"rendered":"<p>Todo eran ilusiones tras la consecuci\u00f3n de la Autonom\u00eda para Andaluc\u00eda. El Pueblo Andaluz hab\u00eda conseguido abrir una puerta cerrada a cal y canto para sus anhelos, desbloqueando la posibilidad de ser tratado como otros pueblos que se sent\u00edan naci\u00f3n. Y no, Andaluc\u00eda simplemente no quer\u00eda ser menos. Junto a catalanes, vascos y gallegos, las &#8230; <a title=\"28F: De Autonom\u00eda de Primera a \u00daltima de la Fila\" class=\"read-more\" href=\"https:\/\/www.avenateandalu.com\/index.php\/2025\/02\/15\/28f-de-autonomia-de-primera-a-ultima-de-la-fila\/\" aria-label=\"Leer m\u00e1s sobre 28F: De Autonom\u00eda de Primera a \u00daltima de la Fila\">Leer m\u00e1s<\/a><\/p>\n<div class=\"likebtn_container\" style=\"\"><!-- LikeBtn.com BEGIN --><span class=\"likebtn-wrapper\"  data-identifier=\"post_5545\"  data-site_id=\"658af34a943ec97271c5d7cc\"  data-lang=\"es\"  data-white_label=\"true\"  data-style=\"\"  data-unlike_allowed=\"\"  data-show_copyright=\"\"  data-item_url=\"https:\/\/www.avenateandalu.com\/index.php\/2025\/02\/15\/28f-de-autonomia-de-primera-a-ultima-de-la-fila\/\"  data-item_title=\"28F: De Autonom\u00eda de Primera a \u00daltima de la Fila\"  data-item_image=\"https:\/\/www.avenateandalu.com\/wp-content\/uploads\/2025\/02\/PIB-por-habitante-Autonomia_LaRazon.jpg\"  data-item_date=\"2025-02-15T16:57:24+00:00\"  data-engine=\"WordPress\"  data-plugin_v=\"2.6.58\"  data-prx=\"https:\/\/www.avenateandalu.com\/wp-admin\/admin-ajax.php?action=likebtn_prx\"  data-event_handler=\"likebtn_eh\" ><\/span><!-- LikeBtn.com END --><\/div>","protected":false},"author":1,"featured_media":5547,"comment_status":"open","ping_status":"open","sticky":false,"template":"","format":"standard","meta":{"_eb_attr":"","footnotes":""},"categories":[46],"tags":[],"class_list":["post-5545","post","type-post","status-publish","format-standard","has-post-thumbnail","hentry","category-politica"],"rttpg_featured_image_url":{"full":["https:\/\/www.avenateandalu.com\/wp-content\/uploads\/2025\/02\/PIB-por-habitante-Autonomia_LaRazon.jpg",994,640,false],"landscape":["https:\/\/www.avenateandalu.com\/wp-content\/uploads\/2025\/02\/PIB-por-habitante-Autonomia_LaRazon.jpg",994,640,false],"portraits":["https:\/\/www.avenateandalu.com\/wp-content\/uploads\/2025\/02\/PIB-por-habitante-Autonomia_LaRazon.jpg",994,640,false],"thumbnail":["https:\/\/www.avenateandalu.com\/wp-content\/uploads\/2025\/02\/PIB-por-habitante-Autonomia_LaRazon-150x150.jpg",150,150,true],"medium":["https:\/\/www.avenateandalu.com\/wp-content\/uploads\/2025\/02\/PIB-por-habitante-Autonomia_LaRazon-300x193.jpg",300,193,true],"large":["https:\/\/www.avenateandalu.com\/wp-content\/uploads\/2025\/02\/PIB-por-habitante-Autonomia_LaRazon.jpg",994,640,false],"1536x1536":["https:\/\/www.avenateandalu.com\/wp-content\/uploads\/2025\/02\/PIB-por-habitante-Autonomia_LaRazon.jpg",994,640,false],"2048x2048":["https:\/\/www.avenateandalu.com\/wp-content\/uploads\/2025\/02\/PIB-por-habitante-Autonomia_LaRazon.jpg",994,640,false]},"rttpg_author":{"display_name":"Avenate Andal\u00fa","author_link":"https:\/\/www.avenateandalu.com\/index.php\/author\/admin\/"},"rttpg_comment":0,"rttpg_category":"<a href=\"https:\/\/www.avenateandalu.com\/index.php\/category\/politica\/\" rel=\"category tag\">POL\u00cdTICA<\/a>","rttpg_excerpt":"Todo eran ilusiones tras la consecuci\u00f3n de la Autonom\u00eda para Andaluc\u00eda. El Pueblo Andaluz hab\u00eda conseguido abrir una puerta cerrada a cal y canto para sus anhelos, desbloqueando la posibilidad de ser tratado como otros pueblos que se sent\u00edan naci\u00f3n. Y no, Andaluc\u00eda simplemente no quer\u00eda ser menos. Junto a catalanes, vascos y gallegos, las&hellip;","_links":{"self":[{"href":"https:\/\/www.avenateandalu.com\/index.php\/wp-json\/wp\/v2\/posts\/5545","targetHints":{"allow":["GET"]}}],"collection":[{"href":"https:\/\/www.avenateandalu.com\/index.php\/wp-json\/wp\/v2\/posts"}],"about":[{"href":"https:\/\/www.avenateandalu.com\/index.php\/wp-json\/wp\/v2\/types\/post"}],"author":[{"embeddable":true,"href":"https:\/\/www.avenateandalu.com\/index.php\/wp-json\/wp\/v2\/users\/1"}],"replies":[{"embeddable":true,"href":"https:\/\/www.avenateandalu.com\/index.php\/wp-json\/wp\/v2\/comments?post=5545"}],"version-history":[{"count":19,"href":"https:\/\/www.avenateandalu.com\/index.php\/wp-json\/wp\/v2\/posts\/5545\/revisions"}],"predecessor-version":[{"id":5627,"href":"https:\/\/www.avenateandalu.com\/index.php\/wp-json\/wp\/v2\/posts\/5545\/revisions\/5627"}],"wp:featuredmedia":[{"embeddable":true,"href":"https:\/\/www.avenateandalu.com\/index.php\/wp-json\/wp\/v2\/media\/5547"}],"wp:attachment":[{"href":"https:\/\/www.avenateandalu.com\/index.php\/wp-json\/wp\/v2\/media?parent=5545"}],"wp:term":[{"taxonomy":"category","embeddable":true,"href":"https:\/\/www.avenateandalu.com\/index.php\/wp-json\/wp\/v2\/categories?post=5545"},{"taxonomy":"post_tag","embeddable":true,"href":"https:\/\/www.avenateandalu.com\/index.php\/wp-json\/wp\/v2\/tags?post=5545"}],"curies":[{"name":"wp","href":"https:\/\/api.w.org\/{rel}","templated":true}]}}