{"id":6370,"date":"2025-06-08T19:31:58","date_gmt":"2025-06-08T19:31:58","guid":{"rendered":"https:\/\/www.avenateandalu.com\/?p=6370"},"modified":"2025-06-09T19:51:25","modified_gmt":"2025-06-09T19:51:25","slug":"habra-algo-mas-espanol-que-un-buen-gazpacho","status":"publish","type":"post","link":"https:\/\/www.avenateandalu.com\/index.php\/2025\/06\/08\/habra-algo-mas-espanol-que-un-buen-gazpacho\/","title":{"rendered":"\u00bfHabr\u00e1 algo m\u00e1s &#8216;espa\u00f1ol&#8217; que un buen gazpacho?"},"content":{"rendered":"\n<p>Autor: Francisco Jos\u00e9 Cansino Diaz<\/p>\n\n\n\n<p>Durante la emisi\u00f3n del pasado programa de &#8216;Tu cara me suena&#8217; en la cadena privada Antena 3, el presentador, Manel Fuentes, en uno de los momentos de charla, hizo m\u00e1s o menos este comentario:<br>-\u00bfHabr\u00e1 algo m\u00e1s &#8216;espa\u00f1ol&#8217; que un buen gazpacho?<br><br>Aunque metido en la din\u00e1mica de este simp\u00e1tico concurso de entretenimiento, mi mente no pudo evitar de nuevo replantearse c\u00f3mo lo &#8216;andaluz&#8217;, a diferencia de lo &#8216;catal\u00e1n&#8217;, de lo &#8216;vasco&#8217; o de lo &#8216;gallego&#8217;, por ejemplo, se absorbe con total &#8216;tranquilidad&#8217; bajo la denominaci\u00f3n de &#8216;espa\u00f1ol&#8217;, no ocurriendo lo mismo con los rasgos indentitarios o culturales de estas otras autonom\u00edas.<br><br>Espa\u00f1a, las campa\u00f1as publicitarias y propagand\u00edsticas del Estado espa\u00f1ol, usan sin reparo lo &#8216;andaluz&#8217; para mostrarse al mundo como la esencia de lo &#8216;espa\u00f1ol&#8217;.<br><br>Ese espa\u00f1olisimo que tan respetuoso es con la claridad en la denominaci\u00f3n de las &nbsp;tradiciones, costumbres y culturas de otras nacionalidades hist\u00f3ricas, no duda, sin embargo, en &#8216;apropiarse&#8217; de lo &#8216;andaluz&#8217; obviando el origen de nuestro flamenco, de nuestra copla, de nuestra gastronom\u00eda, de nuestros caballos, de nuestras fiestas, de nuestros bailes, etc.<br><br>Resulta curioso cuando se dice que el gazpacho, como el flamenco, por ejemplo es un rasgo identitario \u2018espa\u00f1ol\u2019. Debe ser que el primero es un plato t\u00edpico de la ciudad de la Cibeles o de la ciudad de las Ramblas. O m\u00e1s all\u00e1, quiz\u00e1s el mejor gazpacho se sirve en los mejores restaurantes de Bilbao.<\/p>\n\n\n\n<p>Ya hemos visto que determinados pol\u00edticos han vendido la imagen de que una ciudad como Madrid es cuna del Flamenco. Y se quedan tan \u2018panchos\u2019. Claro nuestro gobernantes auton\u00f3micos se callan, como son del mismo PP. Nada que decir, nada que opinar.<\/p>\n\n\n\n<p>Hace unas semanas, la vicepresidenta del gobierno, manifest\u00f3, aunque luego se apresur\u00f3 en desmentir, que Andaluc\u00eda no es Europa. Probablemente esta vicepresidenta, ministra de trabajo, se refer\u00eda a las cifras de paro de nuestra autonom\u00eda, y a las condiciones laborales y de renta familiar de nuestra tierra. Curioso que hiciera estas afirmaciones precisamente ella, que desde su cargo deber\u00eda haber favorecido revertir esta situaci\u00f3n, promoviendo m\u00e1s inversi\u00f3n en Andaluc\u00eda. Si mal no recuerdo, ella en la campa\u00f1a electoral vino a nuestra tierra (de las pocas veces que lo ha hecho, pese a los graves conflictos laborales que han acontecido en nuestra Andaluc\u00eda) a pedir una financiaci\u00f3n justa, porque Valencia y Andaluc\u00eda eran las autonom\u00edas peor financiadas. Y aqu\u00ed estamos, sin arreglo alguno a los problemas que se saben que tenemos.<\/p>\n\n\n\n<div style=\"height:15px\" aria-hidden=\"true\" class=\"wp-block-spacer\"><\/div>\n\n\n<div class=\"wp-block-image\">\n<figure class=\"aligncenter size-full is-resized\"><img loading=\"lazy\" decoding=\"async\" width=\"300\" height=\"168\" src=\"https:\/\/www.avenateandalu.com\/wp-content\/uploads\/2025\/06\/Airbus-Puerto-Real.jpg\" alt=\"\" class=\"wp-image-6374\" style=\"width:450px\"\/><\/figure>\n<\/div>\n\n\n<div style=\"height:23px\" aria-hidden=\"true\" class=\"wp-block-spacer\"><\/div>\n\n\n\n<p>Si Andaluc\u00eda no es Europa, \u00bfpor qu\u00e9 Espa\u00f1a presume de lo andaluz como espa\u00f1ol cada vez que se vende internacionalmente?<\/p>\n\n\n\n<p>Y si tanto se identifica Espa\u00f1a con Andaluc\u00eda, usando sus mejores galas para promocionar ese &#8216;espa\u00f1olismo&#8217; interesado, \u00bfpor qu\u00e9 no se devuelve proporcionalmente a Andaluc\u00eda ese &#8216;cari\u00f1o&#8217; entrecomillado en forma de inversiones, poder, capacidad participativa en decisiones de \u00edndole estatal y en financiaci\u00f3n?<\/p>\n\n\n\n<p>Est\u00e1 muy claro. Andaluc\u00eda es la \u2018cenicienta\u2019 del partido centralista de turno. Muy mona ella, pero s\u00f3lo se la viste de gala cuando se busca cautivar a alg\u00fan pr\u00edncipe o presidente de turno, pero luego\u2026de nuevo a las salas del servicio, donde apenas se escucha su voz.<\/p>\n\n\n\n<div style=\"height:26px\" aria-hidden=\"true\" class=\"wp-block-spacer\"><\/div>\n\n\n<div class=\"wp-block-image\">\n<figure class=\"aligncenter size-full\"><img loading=\"lazy\" decoding=\"async\" width=\"800\" height=\"450\" src=\"https:\/\/www.avenateandalu.com\/wp-content\/uploads\/2025\/06\/tanqueta-cadiz-disturbios_4_800x450.jpeg\" alt=\"\" class=\"wp-image-6377\" srcset=\"https:\/\/www.avenateandalu.com\/wp-content\/uploads\/2025\/06\/tanqueta-cadiz-disturbios_4_800x450.jpeg 800w, https:\/\/www.avenateandalu.com\/wp-content\/uploads\/2025\/06\/tanqueta-cadiz-disturbios_4_800x450-300x169.jpeg 300w, https:\/\/www.avenateandalu.com\/wp-content\/uploads\/2025\/06\/tanqueta-cadiz-disturbios_4_800x450-768x432.jpeg 768w\" sizes=\"auto, (max-width: 800px) 100vw, 800px\" \/><figcaption class=\"wp-element-caption\">Pol\u00e9mica actuaci\u00f3n de la tanqueta policial en C\u00e1diz, ciudad cuna de la Libertad en el Estado espa\u00f1ol. Yolanda D\u00edaz pidi\u00f3 explicaciones, pero como Ministra de Trabajo no vino a Andaluc\u00eda. Fotograf\u00eda del diario El Plural.<\/figcaption><\/figure>\n<\/div>\n\n\n<div style=\"height:22px\" aria-hidden=\"true\" class=\"wp-block-spacer\"><\/div>\n\n\n\n<p>\u00bfY qui\u00e9n tiene la culpa de todo esto?<\/p>\n\n\n\n<p>El andaluz. Bueno, no usemos el masculino marcado por el castellano para generalizar, demos a cada uno la parte de culpa que tiene.<\/p>\n\n\n\n<p>El andaluz y la andaluza.<\/p>\n\n\n\n<p>Analicemos por partes. El andaluz y la andaluza de a pie tienen su culpa porque nunca han cre\u00eddo en un proyecto de Partido Andaluz, sea de izquierdas, de derechas, de arriba o de abajo. El Poder Pol\u00edtico que pudo reunir el extinto Partido Andalucista, con sus luces y sombras, se diluy\u00f3 como un azucarillo.<\/p>\n\n\n\n<p>Un PA criticado, vilipendiado, humillado y desmantelado. Nunca hubo una caja B del PA con ordenadores destruidos de por medio. Nunca hubo una sede del PA construida con dinero B. Nunca hubo un caso \u2018Avalos\u2019 del PA, ni un caso de EREs. S\u00ed es verdad que hubo un caso \u2018Pacheco\u2019 y el alcalde de Jerez pag\u00f3 con creces lo que otros muchos han evitado, sin pisar ni tan siquiera la c\u00e1rcel.<\/p>\n\n\n\n<div style=\"height:22px\" aria-hidden=\"true\" class=\"wp-block-spacer\"><\/div>\n\n\n<div class=\"wp-block-image\">\n<figure class=\"aligncenter size-full\"><img loading=\"lazy\" decoding=\"async\" width=\"750\" height=\"422\" src=\"https:\/\/www.avenateandalu.com\/wp-content\/uploads\/2025\/06\/Caja-B-PP_El-Diario.jpg\" alt=\"\" class=\"wp-image-6378\" srcset=\"https:\/\/www.avenateandalu.com\/wp-content\/uploads\/2025\/06\/Caja-B-PP_El-Diario.jpg 750w, https:\/\/www.avenateandalu.com\/wp-content\/uploads\/2025\/06\/Caja-B-PP_El-Diario-300x169.jpg 300w\" sizes=\"auto, (max-width: 750px) 100vw, 750px\" \/><figcaption class=\"wp-element-caption\">Caso de la Caja B del PP, as\u00ed como la financiaci\u00f3n irregular de las obras de su Sede en la calle G\u00e9nova de Madrid.<\/figcaption><\/figure>\n<\/div>\n\n\n<div style=\"height:37px\" aria-hidden=\"true\" class=\"wp-block-spacer\"><\/div>\n\n\n\n<p>Andaluc\u00eda dej\u00f3 caer al \u00fanico partido que ten\u00eda su sede en la propia Andaluc\u00eda.<\/p>\n\n\n\n<p>Mientras, otros desmontaron holdings empresariales de titularidad andaluza (ve\u00e1se Rumasa), mientras que en la lejan\u00eda la familia Pujol creaba su tela de ara\u00f1a, mientras de las cenizas de esos holdings andaluces, crec\u00edan monstruos bancarios como la Caixa, para comprar la banca andaluza, aquella que fue incapaz de fusionarse para construir un proyecto econ\u00f3mico andaluz competitivo y potente.<\/p>\n\n\n\n<div style=\"height:16px\" aria-hidden=\"true\" class=\"wp-block-spacer\"><\/div>\n\n\n<div class=\"wp-block-image\">\n<figure class=\"aligncenter size-full\"><img loading=\"lazy\" decoding=\"async\" width=\"700\" height=\"393\" src=\"https:\/\/www.avenateandalu.com\/wp-content\/uploads\/2025\/06\/pujolfelipe.webp\" alt=\"\" class=\"wp-image-6379\" srcset=\"https:\/\/www.avenateandalu.com\/wp-content\/uploads\/2025\/06\/pujolfelipe.webp 700w, https:\/\/www.avenateandalu.com\/wp-content\/uploads\/2025\/06\/pujolfelipe-300x168.webp 300w\" sizes=\"auto, (max-width: 700px) 100vw, 700px\" \/><figcaption class=\"wp-element-caption\">Fotograf\u00eda diario &#8216;Somatemps&#8217;.<\/figcaption><\/figure>\n<\/div>\n\n\n<div style=\"height:32px\" aria-hidden=\"true\" class=\"wp-block-spacer\"><\/div>\n\n\n\n<p>As\u00ed, durante a\u00f1os, las operaciones bancarias de la Junta de Andaluc\u00eda pasaba a trav\u00e9s de la Caja de San Fernando, de manos andaluzas a manos catalanas, centralizadas en esa Caixa, que dejaba de ser una Caja para convertirse en uno de los bancos m\u00e1s poderosos del Estado espa\u00f1ol.<\/p>\n\n\n\n<p>Tras la ca\u00edda del PA, la sucesi\u00f3n de favores a catalanes y vascos, esos que dan tanto coraje a los andaluces, no han parado de sucederse en el tiempo. Pero no os equivoqu\u00e9is, ellos piden, pero se les da en Madrid. Los favores se conceden desde Madrid, donde gobiernan los partidos votados por los andaluces y las andaluzas. No olvid\u00e9is que nuestro voto es muy importante. Somos la autonom\u00edas con m\u00e1s peso en las instituciones, pero al mismo tiempo las peor representada para conseguir las soluciones a nuestros problemas.<\/p>\n\n\n\n<p>Andaluc\u00eda ha crecido en todos estos a\u00f1os de transici\u00f3n. Ha crecido en muchos aspectos. Hemos mejorado mucho. Seguimos siendo los \u00faltimos en todo. Y lo m\u00e1s decepcionante es que nuestro Andalucismo, el real, el que puso encima de la mesa la bandera verde y blanca y la figura del asesinado Blas Infante, ha ido a menos, haciendo que nos vendamos como Pueblo a aquel que nos embauca los o\u00eddos con regal\u00edas y falsas promesas, sea del PSOE, del PP, de IU, de VOX,\u2026<\/p>\n\n\n\n<p>\u00bfAcaso no merece Andaluc\u00eda, la Autonom\u00eda m\u00e1s poblada de Espa\u00f1a tener un Poder Pol\u00edtico Propio? \u00bfPor qu\u00e9 siempre tenemos que ir a remolque? \u00bfPor qu\u00e9 nos gusta ir a remolque?<\/p>\n\n\n\n<p>Cuando miro atr\u00e1s. Cuando miro la generaci\u00f3n de mis padres, la que vivi\u00f3 la Transici\u00f3n, veo una generaci\u00f3n que se tir\u00f3 a la calle en innumerables ocasiones para pedir \u2018Libertad y Democracia\u2019, con un sue\u00f1o, el Sue\u00f1o Andaluz.<\/p>\n\n\n\n<div style=\"height:18px\" aria-hidden=\"true\" class=\"wp-block-spacer\"><\/div>\n\n\n<div class=\"wp-block-image\">\n<figure class=\"aligncenter size-full\"><img loading=\"lazy\" decoding=\"async\" width=\"650\" height=\"371\" src=\"https:\/\/www.avenateandalu.com\/wp-content\/uploads\/2025\/06\/TRANSICION-4-copia-1200x800-1.jpg\" alt=\"\" class=\"wp-image-6380\" srcset=\"https:\/\/www.avenateandalu.com\/wp-content\/uploads\/2025\/06\/TRANSICION-4-copia-1200x800-1.jpg 650w, https:\/\/www.avenateandalu.com\/wp-content\/uploads\/2025\/06\/TRANSICION-4-copia-1200x800-1-300x171.jpg 300w\" sizes=\"auto, (max-width: 650px) 100vw, 650px\" \/><figcaption class=\"wp-element-caption\">Manifestaci\u00f3n 4 de Diciembre. Fotograf\u00eda diario El Salto<\/figcaption><\/figure>\n<\/div>\n\n\n<div style=\"height:27px\" aria-hidden=\"true\" class=\"wp-block-spacer\"><\/div>\n\n\n\n<p>\u00bfD\u00f3nde ha quedado ese sue\u00f1o?<\/p>\n\n\n\n<p>\u00bfHa sido secuestrado por una sociedad consumista donde s\u00f3lo importa tener m\u00e1s que el de enfrente o vivir para unas buenas vacaciones? \u00bfFue silenciado por los PER o quiz\u00e1s embaucado por las promesas de un turismo dirigido desde fuera de Andaluc\u00eda y que se nos vende como el principal valedor de nuestra econom\u00eda?<\/p>\n\n\n\n<p>Pues despu\u00e9s de todo esto, de este breve an\u00e1lisis,\u2026 s\u00f3lo decir que el gazpacho, seg\u00fan las diversas fuentes, es andaluz, que el Flamenco, pese a quien pese, es andaluz, que el caballo es conocido en todo el mundo como Caballo Andaluz (Andalusian Horse) aunque en Espa\u00f1a se empe\u00f1en en llamarlo Caballo de Raza Espa\u00f1ola, que nuestras fiestas son andaluzas, y que el sue\u00f1o, \u00a1Ay, amiga y amigo m\u00edo!, el sue\u00f1o siempre ser\u00e1 el Sue\u00f1o Andaluz, aunque t\u00fa hayas dejado de creer en \u00e9l hace ya demasiado tiempo.<\/p>\n\n\n\n<p>\u00a1Viva Andaluc\u00eda Libre!<\/p>\n\n\n\n<div style=\"height:37px\" aria-hidden=\"true\" class=\"wp-block-spacer\"><\/div>\n\n\n\n<div class=\"wp-block-buttons is-layout-flex wp-block-buttons-is-layout-flex\">\n<div class=\"wp-block-button is-style-outline is-style-outline--1\"><a class=\"wp-block-button__link has-white-color has-text-color has-background wp-element-button\" href=\"https:\/\/www.avenateandalu.com\/\" style=\"border-radius:50px;background-color:#057831\">Volver a Inicio<\/a><\/div>\n\n\n\n<div class=\"wp-block-button is-style-outline is-style-outline--2\"><a class=\"wp-block-button__link has-white-color has-text-color has-background wp-element-button\" href=\"https:\/\/www.avenateandalu.com\/index.php\/politica-andaluza\/\" style=\"border-radius:50px;background-color:#057831\">Volver a Pol\u00edtica y Sociedad Andaluza<\/a><\/div>\n<\/div>\n\n\n\n<p><\/p>\n<div class=\"likebtn_container\" style=\"\"><!-- LikeBtn.com BEGIN --><span class=\"likebtn-wrapper\"  data-identifier=\"post_6370\"  data-site_id=\"658af34a943ec97271c5d7cc\"  data-lang=\"es\"  data-white_label=\"true\"  data-style=\"\"  data-unlike_allowed=\"\"  data-show_copyright=\"\"  data-item_url=\"https:\/\/www.avenateandalu.com\/index.php\/2025\/06\/08\/habra-algo-mas-espanol-que-un-buen-gazpacho\/\"  data-item_title=\"\u00bfHabr\u00e1 algo m\u00e1s &#039;espa\u00f1ol&#039; que un buen gazpacho?\"  data-item_image=\"https:\/\/www.avenateandalu.com\/wp-content\/uploads\/2025\/06\/Captura.jpg\"  data-item_date=\"2025-06-08T19:31:58+00:00\"  data-engine=\"WordPress\"  data-plugin_v=\"2.6.58\"  data-prx=\"https:\/\/www.avenateandalu.com\/wp-admin\/admin-ajax.php?action=likebtn_prx\"  data-event_handler=\"likebtn_eh\" ><\/span><!-- LikeBtn.com END --><\/div>","protected":false},"excerpt":{"rendered":"<p>Autor: Francisco Jos\u00e9 Cansino Diaz Durante la emisi\u00f3n del pasado programa de &#8216;Tu cara me suena&#8217; en la cadena privada Antena 3, el presentador, Manel Fuentes, en uno de los momentos de charla, hizo m\u00e1s o menos este comentario:-\u00bfHabr\u00e1 algo m\u00e1s &#8216;espa\u00f1ol&#8217; que un buen gazpacho? Aunque metido en la din\u00e1mica de este simp\u00e1tico concurso &#8230; <a title=\"\u00bfHabr\u00e1 algo m\u00e1s &#8216;espa\u00f1ol&#8217; que un buen gazpacho?\" class=\"read-more\" href=\"https:\/\/www.avenateandalu.com\/index.php\/2025\/06\/08\/habra-algo-mas-espanol-que-un-buen-gazpacho\/\" aria-label=\"Leer m\u00e1s sobre \u00bfHabr\u00e1 algo m\u00e1s &#8216;espa\u00f1ol&#8217; que un buen gazpacho?\">Leer m\u00e1s<\/a><\/p>\n<div class=\"likebtn_container\" style=\"\"><!-- LikeBtn.com BEGIN --><span class=\"likebtn-wrapper\"  data-identifier=\"post_6370\"  data-site_id=\"658af34a943ec97271c5d7cc\"  data-lang=\"es\"  data-white_label=\"true\"  data-style=\"\"  data-unlike_allowed=\"\"  data-show_copyright=\"\"  data-item_url=\"https:\/\/www.avenateandalu.com\/index.php\/2025\/06\/08\/habra-algo-mas-espanol-que-un-buen-gazpacho\/\"  data-item_title=\"\u00bfHabr\u00e1 algo m\u00e1s &#039;espa\u00f1ol&#039; que un buen gazpacho?\"  data-item_image=\"https:\/\/www.avenateandalu.com\/wp-content\/uploads\/2025\/06\/Captura.jpg\"  data-item_date=\"2025-06-08T19:31:58+00:00\"  data-engine=\"WordPress\"  data-plugin_v=\"2.6.58\"  data-prx=\"https:\/\/www.avenateandalu.com\/wp-admin\/admin-ajax.php?action=likebtn_prx\"  data-event_handler=\"likebtn_eh\" ><\/span><!-- LikeBtn.com END --><\/div>","protected":false},"author":1,"featured_media":6372,"comment_status":"open","ping_status":"open","sticky":false,"template":"","format":"standard","meta":{"_eb_attr":"","footnotes":""},"categories":[123],"tags":[],"class_list":["post-6370","post","type-post","status-publish","format-standard","has-post-thumbnail","hentry","category-portadapolitica"],"rttpg_featured_image_url":{"full":["https:\/\/www.avenateandalu.com\/wp-content\/uploads\/2025\/06\/Captura.jpg",850,479,false],"landscape":["https:\/\/www.avenateandalu.com\/wp-content\/uploads\/2025\/06\/Captura.jpg",850,479,false],"portraits":["https:\/\/www.avenateandalu.com\/wp-content\/uploads\/2025\/06\/Captura.jpg",850,479,false],"thumbnail":["https:\/\/www.avenateandalu.com\/wp-content\/uploads\/2025\/06\/Captura-150x150.jpg",150,150,true],"medium":["https:\/\/www.avenateandalu.com\/wp-content\/uploads\/2025\/06\/Captura-300x169.jpg",300,169,true],"large":["https:\/\/www.avenateandalu.com\/wp-content\/uploads\/2025\/06\/Captura.jpg",850,479,false],"1536x1536":["https:\/\/www.avenateandalu.com\/wp-content\/uploads\/2025\/06\/Captura.jpg",850,479,false],"2048x2048":["https:\/\/www.avenateandalu.com\/wp-content\/uploads\/2025\/06\/Captura.jpg",850,479,false]},"rttpg_author":{"display_name":"Avenate Andal\u00fa","author_link":"https:\/\/www.avenateandalu.com\/index.php\/author\/admin\/"},"rttpg_comment":0,"rttpg_category":"<a href=\"https:\/\/www.avenateandalu.com\/index.php\/category\/portadapolitica\/\" rel=\"category tag\">PORTADAPOL\u00cdTICA<\/a>","rttpg_excerpt":"Autor: Francisco Jos\u00e9 Cansino Diaz Durante la emisi\u00f3n del pasado programa de &#8216;Tu cara me suena&#8217; en la cadena privada Antena 3, el presentador, Manel Fuentes, en uno de los momentos de charla, hizo m\u00e1s o menos este comentario:-\u00bfHabr\u00e1 algo m\u00e1s &#8216;espa\u00f1ol&#8217; que un buen gazpacho? Aunque metido en la din\u00e1mica de este simp\u00e1tico concurso&hellip;","_links":{"self":[{"href":"https:\/\/www.avenateandalu.com\/index.php\/wp-json\/wp\/v2\/posts\/6370","targetHints":{"allow":["GET"]}}],"collection":[{"href":"https:\/\/www.avenateandalu.com\/index.php\/wp-json\/wp\/v2\/posts"}],"about":[{"href":"https:\/\/www.avenateandalu.com\/index.php\/wp-json\/wp\/v2\/types\/post"}],"author":[{"embeddable":true,"href":"https:\/\/www.avenateandalu.com\/index.php\/wp-json\/wp\/v2\/users\/1"}],"replies":[{"embeddable":true,"href":"https:\/\/www.avenateandalu.com\/index.php\/wp-json\/wp\/v2\/comments?post=6370"}],"version-history":[{"count":6,"href":"https:\/\/www.avenateandalu.com\/index.php\/wp-json\/wp\/v2\/posts\/6370\/revisions"}],"predecessor-version":[{"id":6388,"href":"https:\/\/www.avenateandalu.com\/index.php\/wp-json\/wp\/v2\/posts\/6370\/revisions\/6388"}],"wp:featuredmedia":[{"embeddable":true,"href":"https:\/\/www.avenateandalu.com\/index.php\/wp-json\/wp\/v2\/media\/6372"}],"wp:attachment":[{"href":"https:\/\/www.avenateandalu.com\/index.php\/wp-json\/wp\/v2\/media?parent=6370"}],"wp:term":[{"taxonomy":"category","embeddable":true,"href":"https:\/\/www.avenateandalu.com\/index.php\/wp-json\/wp\/v2\/categories?post=6370"},{"taxonomy":"post_tag","embeddable":true,"href":"https:\/\/www.avenateandalu.com\/index.php\/wp-json\/wp\/v2\/tags?post=6370"}],"curies":[{"name":"wp","href":"https:\/\/api.w.org\/{rel}","templated":true}]}}