{"id":6439,"date":"2025-07-10T18:07:38","date_gmt":"2025-07-10T18:07:38","guid":{"rendered":"https:\/\/www.avenateandalu.com\/?p=6439"},"modified":"2025-07-10T18:29:06","modified_gmt":"2025-07-10T18:29:06","slug":"navas-de-tolosa-la-batalla-del-castigo","status":"publish","type":"post","link":"https:\/\/www.avenateandalu.com\/index.php\/2025\/07\/10\/navas-de-tolosa-la-batalla-del-castigo\/","title":{"rendered":"Navas de Tolosa. La Batalla del Castigo"},"content":{"rendered":"\n<p>El 16 de julio de 1212, Andaluc\u00eda fue testigo, como tantas otras veces, de la lucha de poderes que conlleva la ambici\u00f3n del ser humano.<\/p>\n\n\n\n<p>Con la religi\u00f3n como excusa, una multitudinaria tropa de cruzados dirigidos por los reyes Alfonso VIII de Castilla, Pedro II de Arag\u00f3n y Sancho VII de Navarra se enfrenta y derrota al ej\u00e9rcito del imperio almohade del califa Muhammad Al-Nasir, regente, entre otros territorios, de Alandalus.<\/p>\n\n\n\n<div style=\"height:18px\" aria-hidden=\"true\" class=\"wp-block-spacer\"><\/div>\n\n\n<div class=\"wp-block-image\">\n<figure class=\"aligncenter size-full\"><img loading=\"lazy\" decoding=\"async\" width=\"960\" height=\"649\" src=\"https:\/\/www.avenateandalu.com\/wp-content\/uploads\/2025\/07\/Almohad_Expansion-es.jpg\" alt=\"\" class=\"wp-image-6460\" srcset=\"https:\/\/www.avenateandalu.com\/wp-content\/uploads\/2025\/07\/Almohad_Expansion-es.jpg 960w, https:\/\/www.avenateandalu.com\/wp-content\/uploads\/2025\/07\/Almohad_Expansion-es-300x203.jpg 300w, https:\/\/www.avenateandalu.com\/wp-content\/uploads\/2025\/07\/Almohad_Expansion-es-768x519.jpg 768w\" sizes=\"auto, (max-width: 960px) 100vw, 960px\" \/><figcaption class=\"wp-element-caption\">Extensi\u00f3n del Imperio Almohade en su plenitud, incluyendo territorios en Alandalus y el Norte de \u00c1frica<\/figcaption><\/figure>\n<\/div>\n\n\n<div style=\"height:26px\" aria-hidden=\"true\" class=\"wp-block-spacer\"><\/div>\n\n\n\n<p>La Batalla de las Navas de Tolosa pone a las claras sobre el tablero de ajedrez de la Pen\u00ednsula, que los reinos cristianos han desarrollado una tecnolog\u00eda militar manifiestamente superior a la de sus vecinos musulmanes.<\/p>\n\n\n\n<p>Aunque se le suele denominar con el nombre del municipio jienense de las Navas de Tolosa, el enfrentamiento discurri\u00f3 realmente en la actual localidad de Santa Elena de ubicaci\u00f3n cercana, tambi\u00e9n en la provincia de Ja\u00e9n, Cora de Yayyan (\u062c\u064a\u0627\u0646 en \u00e1rabe) por aquel entonces.<\/p>\n\n\n\n<p>Los andalus\u00edes la denominaron como la \u2018Batalla de Al-Iqab\u2019, o \u2018Batalla del castigo o la pena\u2019.<\/p>\n\n\n\n<div style=\"height:18px\" aria-hidden=\"true\" class=\"wp-block-spacer\"><\/div>\n\n\n\n<figure class=\"wp-block-image alignwide size-full\"><img loading=\"lazy\" decoding=\"async\" width=\"750\" height=\"519\" src=\"https:\/\/www.avenateandalu.com\/wp-content\/uploads\/2025\/07\/Batalla_de_las_Navas_de_Tolosa_por_FranciscodePaula_van_Halen_1864.jpg\" alt=\"\" class=\"wp-image-6446\" srcset=\"https:\/\/www.avenateandalu.com\/wp-content\/uploads\/2025\/07\/Batalla_de_las_Navas_de_Tolosa_por_FranciscodePaula_van_Halen_1864.jpg 750w, https:\/\/www.avenateandalu.com\/wp-content\/uploads\/2025\/07\/Batalla_de_las_Navas_de_Tolosa_por_FranciscodePaula_van_Halen_1864-300x208.jpg 300w\" sizes=\"auto, (max-width: 750px) 100vw, 750px\" \/><figcaption class=\"wp-element-caption\">Batalla de las Navas de Tolosa. Cuadro de Francisco de Paula Van Halen (1864)<\/figcaption><\/figure>\n\n\n\n<div style=\"height:33px\" aria-hidden=\"true\" class=\"wp-block-spacer\"><\/div>\n\n\n\n<p>Las cifras aproximadas de los contendientes no est\u00e1n claras. Seg\u00fan la fuente que escojamos los n\u00fameros var\u00edan. Pero hay algo en lo que s\u00ed vienen a coincidir, y es que se trat\u00f3 de la batalla m\u00e1s numerosa en enfrentamiento de contingentes musulm\u00e1n y cristiano durante la \u00e9poca de Alandalus. Fueron decenas de miles de personas las que combatieron en las tierras de Ja\u00e9n.<\/p>\n\n\n\n<p>Jaffar Beel Haj Soulami, profesor de la Universidad de Tetu\u00e1n y experto en la Batalla de las Navas de Tolosa, afirmaba que esta batalla fue una p\u00e9rdida para los dos mundos, cristiano y musulman, \u201cporque la guerra no sirve para nada y si hubieran hecho la paz les habr\u00eda ido mejor\u201d.<\/p>\n\n\n\n<p>En aquellos a\u00f1os, Alandalus era el tablero de ajedrez. El poder musulm\u00e1n de la Pen\u00ednsula confrontaba con el poder cristiano, si bien no era blanco contra negro. Los tintes grises abundaban, algo, sin&nbsp; embargo, a lo que no se le ha dado su debida importancia hist\u00f3ricamente.<\/p>\n\n\n\n<p>Y es que las colaboraciones entre unos y otros, entre cristianos y musulmanes, para acabar con rivales comunes, se multiplicaban, encontr\u00e1ndonos en diferentes episodios a efectivos de ambas religiones luchando del mismo lado, unidos temporalmente por un inter\u00e9s com\u00fan. Pas\u00f3 en algunas de las contiendas en las que particip\u00f3 el Cid, ocurrir\u00eda con el ej\u00e9rcito con el que Fernando III entrar\u00eda en Sevilla (Ishbiliya, en andalus\u00ed), en las fuerzas enfrentadas en la Batalla de Alarcos, etc.<\/p>\n\n\n\n<div style=\"height:14px\" aria-hidden=\"true\" class=\"wp-block-spacer\"><\/div>\n\n\n<div class=\"wp-block-image\">\n<figure class=\"aligncenter size-full\"><img loading=\"lazy\" decoding=\"async\" width=\"667\" height=\"569\" src=\"https:\/\/www.avenateandalu.com\/wp-content\/uploads\/2025\/07\/Recreacion-muralla-ciudad-almohade-observan_1482462351_123745786_667x570.webp\" alt=\"\" class=\"wp-image-6448\" srcset=\"https:\/\/www.avenateandalu.com\/wp-content\/uploads\/2025\/07\/Recreacion-muralla-ciudad-almohade-observan_1482462351_123745786_667x570.webp 667w, https:\/\/www.avenateandalu.com\/wp-content\/uploads\/2025\/07\/Recreacion-muralla-ciudad-almohade-observan_1482462351_123745786_667x570-300x256.webp 300w\" sizes=\"auto, (max-width: 667px) 100vw, 667px\" \/><figcaption class=\"wp-element-caption\">Recreaci\u00f3n de la muralla de Ishlibiya (Sevilla) en tiempos almohades, con la Torre del Oro  en primer plano y la Torre de la Plata en segundo. Imagen de la web Al Andalus y la historia<\/figcaption><\/figure>\n<\/div>\n\n\n<div style=\"height:21px\" aria-hidden=\"true\" class=\"wp-block-spacer\"><\/div>\n\n\n\n<p>En la Batalla de Al-Iqab, sin embargo, la consigna era la \u2018Cruzada cristiana\u2019 frente al poder musulm\u00e1n.<\/p>\n\n\n\n<p>Al-Nasir, califa almohade, decidi\u00f3 repetir el planteamiento de batalla que le hab\u00eda dado un gran triunfo en el siglo pasado al l\u00edder militar almohade Al-Mansur, precisamente en la Batalla de Alarcos (1195). Tan s\u00f3lo hab\u00edan pasado 17 a\u00f1os. &nbsp;<\/p>\n\n\n\n<p>De este modo, intent\u00f3 poner en pr\u00e1ctica las mismas t\u00e1cticas de \u2018tornafuye\u2019, muy empleadas por la caballer\u00eda ligera almohade, que consist\u00edan en una huida fingida para luego volver contra el rival atacando al enemigo por el flanco y por la retaguardia.<\/p>\n\n\n\n<p>Pero, a pesar de producirse algunas escaramuzas, esta vez, las enormes dimensiones del ej\u00e9rcito cristiano no permitieron desplegar con \u00e9xito estos modos de lucha.<\/p>\n\n\n\n<div style=\"height:19px\" aria-hidden=\"true\" class=\"wp-block-spacer\"><\/div>\n\n\n<div class=\"wp-block-image\">\n<figure class=\"aligncenter size-full\"><img loading=\"lazy\" decoding=\"async\" width=\"750\" height=\"750\" src=\"https:\/\/www.avenateandalu.com\/wp-content\/uploads\/2025\/07\/Tornafuye.jpg\" alt=\"\" class=\"wp-image-6450\" srcset=\"https:\/\/www.avenateandalu.com\/wp-content\/uploads\/2025\/07\/Tornafuye.jpg 750w, https:\/\/www.avenateandalu.com\/wp-content\/uploads\/2025\/07\/Tornafuye-300x300.jpg 300w, https:\/\/www.avenateandalu.com\/wp-content\/uploads\/2025\/07\/Tornafuye-150x150.jpg 150w\" sizes=\"auto, (max-width: 750px) 100vw, 750px\" \/><figcaption class=\"wp-element-caption\">Recreaci\u00f3n de tropas andalus\u00edes poniendo en pr\u00e1ctica la estrategia de la &#8216;tornafuye&#8217;.<\/figcaption><\/figure>\n<\/div>\n\n\n<div style=\"height:21px\" aria-hidden=\"true\" class=\"wp-block-spacer\"><\/div>\n\n\n\n<p>Y es que al cuantioso n\u00famero de tropas castellanas, aragonesas y navarras, se sumaron un importante contingente europeo de caballeros venidos de distintos reinos a lo largo de Europa, especialmente de Francia, Portugal, as\u00ed como los Caballeros de la Orden del Temple (Templarios). Todo ello tras la proclamaci\u00f3n de Papa Inocencio III denominando \u2018Cruzada\u2019 al enfrentamiento y reclamando el apoyo de los caballeros cristianos.<\/p>\n\n\n\n<div style=\"height:18px\" aria-hidden=\"true\" class=\"wp-block-spacer\"><\/div>\n\n\n<div class=\"wp-block-image\">\n<figure class=\"aligncenter size-full\"><img loading=\"lazy\" decoding=\"async\" width=\"685\" height=\"447\" src=\"https:\/\/www.avenateandalu.com\/wp-content\/uploads\/2025\/07\/Inocencio-III.jpg\" alt=\"\" class=\"wp-image-6452\" srcset=\"https:\/\/www.avenateandalu.com\/wp-content\/uploads\/2025\/07\/Inocencio-III.jpg 685w, https:\/\/www.avenateandalu.com\/wp-content\/uploads\/2025\/07\/Inocencio-III-300x196.jpg 300w\" sizes=\"auto, (max-width: 685px) 100vw, 685px\" \/><figcaption class=\"wp-element-caption\">Representaci\u00f3n del Papa Inocencio III<\/figcaption><\/figure>\n<\/div>\n\n\n<div style=\"height:22px\" aria-hidden=\"true\" class=\"wp-block-spacer\"><\/div>\n\n\n\n<p>Adem\u00e1s, tras pagar caro su atrevimiento precisamente en la batalla de Alarcos , Alfonso VIII, monarca castellano, hab\u00eda aprendido bien la lecci\u00f3n, teniendo tiempo de preparar minuciosamente el nuevo enfrentamiento. Ya no ser\u00eda tan impetuoso en sus decisiones, como s\u00ed lo fue anteriormente en su enfrentamiento en tierras manchegas, algo que le cost\u00f3 una may\u00fascula derrota.<\/p>\n\n\n\n<p>Curiosamente, el ej\u00e9rcito almohade, tras dicha victoria de Alarcos, una vez desmantelada la defensa castellana, no aprovech\u00f3 para extender su dominio entrando en Toledo, ante la falta de oposici\u00f3n, a pesar de que dicha batalla surgi\u00f3 como respuesta a la incursi\u00f3n cristiana de Mart\u00edn L\u00f3pez de Pisuerga, arzobispo de Toledo, que penetr\u00f3 en las coras de Ja\u00e9n y C\u00f3rdoba e incluso saqueo las cercan\u00edas de la capital almohade en Alandalus, la mism\u00edsima ciudad de la Giralda, Sevilla.<\/p>\n\n\n\n<p>Bajo el mando almohade de Al-Mansur, en Alarcos, hubo caballeros cristianos (como os comentaba los grises eran habituales en los enfrentamientos en Alandalus) como Pedro Fern\u00e1ndez de Castro, se\u00f1or de la Casa de Castro y del Infantado de Le\u00f3n. Sin ninguna servidumbre hacia Alfonso VIII, estos se\u00f1ores cristianos hac\u00edan las veces de aut\u00e9nticos mercenarios.<\/p>\n\n\n\n<p>&nbsp;Alfonso VIII no olvid\u00f3 nunca aquella derrota y vivi\u00f3 para completar su venganza. Las Navas de Tolosa ser\u00eda la culminaci\u00f3n de su &#8216;vendetta&#8217;.<\/p>\n\n\n\n<div style=\"height:14px\" aria-hidden=\"true\" class=\"wp-block-spacer\"><\/div>\n\n\n<div class=\"wp-block-image\">\n<figure class=\"aligncenter size-full\"><img loading=\"lazy\" decoding=\"async\" width=\"340\" height=\"339\" src=\"https:\/\/www.avenateandalu.com\/wp-content\/uploads\/2025\/07\/alfonso_viii_web-Biografias-y-vidas.jpg\" alt=\"\" class=\"wp-image-6454\" srcset=\"https:\/\/www.avenateandalu.com\/wp-content\/uploads\/2025\/07\/alfonso_viii_web-Biografias-y-vidas.jpg 340w, https:\/\/www.avenateandalu.com\/wp-content\/uploads\/2025\/07\/alfonso_viii_web-Biografias-y-vidas-300x300.jpg 300w, https:\/\/www.avenateandalu.com\/wp-content\/uploads\/2025\/07\/alfonso_viii_web-Biografias-y-vidas-150x150.jpg 150w\" sizes=\"auto, (max-width: 340px) 100vw, 340px\" \/><figcaption class=\"wp-element-caption\">Recreaci\u00f3n del monarca castellano Alfonso VIII, derrotado en Alarcos y vencedor en las Navas de Tolosa.<\/figcaption><\/figure>\n<\/div>\n\n\n<div style=\"height:21px\" aria-hidden=\"true\" class=\"wp-block-spacer\"><\/div>\n\n\n\n<p>La coordinaci\u00f3n entre los reinos cristianos del suelo ib\u00e9rico, y el apoyo incondicional del Papa, fueron fundamentales para la movilizaci\u00f3n. La mayor tecnolog\u00eda de la caballer\u00eda pesada del ej\u00e9rcito cristiano fue la clave decisiva sobre el campo de batalla adem\u00e1s de la alta experiencia en batalla de muchos de los caballeros venidos de los distintos rincones de Europa: caballeros del Temple, caballeros Hospitalarios,&#8230;<\/p>\n\n\n\n<p>La configuraci\u00f3n de los dos ej\u00e9rcitos pudo ser la que se recoge a continuaci\u00f3n:<\/p>\n\n\n\n<figure class=\"wp-block-image size-large\"><img loading=\"lazy\" decoding=\"async\" width=\"1024\" height=\"708\" src=\"https:\/\/www.avenateandalu.com\/wp-content\/uploads\/2025\/07\/Orden_de_batalla_cristiano_en_las_Navas_de_Tolosa-1024x708.jpg\" alt=\"\" class=\"wp-image-6458\" srcset=\"https:\/\/www.avenateandalu.com\/wp-content\/uploads\/2025\/07\/Orden_de_batalla_cristiano_en_las_Navas_de_Tolosa-1024x708.jpg 1024w, https:\/\/www.avenateandalu.com\/wp-content\/uploads\/2025\/07\/Orden_de_batalla_cristiano_en_las_Navas_de_Tolosa-300x207.jpg 300w, https:\/\/www.avenateandalu.com\/wp-content\/uploads\/2025\/07\/Orden_de_batalla_cristiano_en_las_Navas_de_Tolosa-768x531.jpg 768w, https:\/\/www.avenateandalu.com\/wp-content\/uploads\/2025\/07\/Orden_de_batalla_cristiano_en_las_Navas_de_Tolosa.jpg 1052w\" sizes=\"auto, (max-width: 1024px) 100vw, 1024px\" \/><\/figure>\n\n\n\n<div style=\"height:39px\" aria-hidden=\"true\" class=\"wp-block-spacer\"><\/div>\n\n\n\n<figure class=\"wp-block-image size-large\"><img loading=\"lazy\" decoding=\"async\" width=\"1024\" height=\"731\" src=\"https:\/\/www.avenateandalu.com\/wp-content\/uploads\/2025\/07\/Orden_de_batalla_musulman_en_las_Navas_de_Tolosa-1024x731.jpg\" alt=\"\" class=\"wp-image-6459\" srcset=\"https:\/\/www.avenateandalu.com\/wp-content\/uploads\/2025\/07\/Orden_de_batalla_musulman_en_las_Navas_de_Tolosa-1024x731.jpg 1024w, https:\/\/www.avenateandalu.com\/wp-content\/uploads\/2025\/07\/Orden_de_batalla_musulman_en_las_Navas_de_Tolosa-300x214.jpg 300w, https:\/\/www.avenateandalu.com\/wp-content\/uploads\/2025\/07\/Orden_de_batalla_musulman_en_las_Navas_de_Tolosa-768x548.jpg 768w, https:\/\/www.avenateandalu.com\/wp-content\/uploads\/2025\/07\/Orden_de_batalla_musulman_en_las_Navas_de_Tolosa.jpg 1056w\" sizes=\"auto, (max-width: 1024px) 100vw, 1024px\" \/><\/figure>\n\n\n\n<p>Como hemos comentado, el ej\u00e9rcito almohade busc\u00f3 desarrollar nuevamente (tras el \u00e9xito de Alarcos) unas maniobras envolventes por los flancos del ej\u00e9rcito cristiano que a punto estuvieron de conseguir su objetivo, gracias a la buena labor de la caballer\u00eda andalus\u00ed. Pero Alfonso VIII, consciente de este planteamiento de batalla, que bien hab\u00eda sufrido en sus propias carnes, reaccion\u00f3 y reforz\u00f3 la contienda en dichos flancos, con el grueso de la caballer\u00eda cristiana.<\/p>\n\n\n\n<p>Con los flancos equilibrados, el ej\u00e9rcito cristiano avanz\u00f3 hacia las l\u00edneas musulmanas, con lo mejor de sus componentes, la caballer\u00eda pesada, con armaduras m\u00e1s sofisticadas y protecciones que cubr\u00edan tanto a los caballeros como a sus cabalgaduras. Algo que se convertir\u00eda en determinante durante el enfrentamiento.<\/p>\n\n\n\n<div style=\"height:17px\" aria-hidden=\"true\" class=\"wp-block-spacer\"><\/div>\n\n\n<div class=\"wp-block-image\">\n<figure class=\"aligncenter size-full\"><img loading=\"lazy\" decoding=\"async\" width=\"567\" height=\"850\" src=\"https:\/\/www.avenateandalu.com\/wp-content\/uploads\/2025\/07\/Caballeria-Pesada-Castellana.jpg\" alt=\"\" class=\"wp-image-6456\" srcset=\"https:\/\/www.avenateandalu.com\/wp-content\/uploads\/2025\/07\/Caballeria-Pesada-Castellana.jpg 567w, https:\/\/www.avenateandalu.com\/wp-content\/uploads\/2025\/07\/Caballeria-Pesada-Castellana-200x300.jpg 200w\" sizes=\"auto, (max-width: 567px) 100vw, 567px\" \/><figcaption class=\"wp-element-caption\">Recreaci\u00f3n de las caballer\u00eda pesada castellana<\/figcaption><\/figure>\n<\/div>\n\n\n<div style=\"height:24px\" aria-hidden=\"true\" class=\"wp-block-spacer\"><\/div>\n\n\n\n<p>Efectivamente, el desarrollo tecnol\u00f3gico que fueron consiguiendo los ej\u00e9rcitos cristianos, les proporcion\u00f3 una ventaja t\u00e1ctica decisiva en esta primera gran guerra civil que se desarroll\u00f3 en suelo hispano, en suelo de Alandalus, entre reinos con se\u00f1ores cristianos y reinos con se\u00f1ores musulmanes.<\/p>\n\n\n\n<p>El resultado de la Batalla de Navas de Tolosa no fue decisivo. El Imperio almohade se mantendr\u00eda hasta el a\u00f1o 1269 (57 a\u00f1os despu\u00e9s). Sin embargo, la Batalla de Al-Iqab supuso un duro golpe con el que comenzar\u00eda su declive. En 1248, otro rey castellano, Fernando III conquistar\u00eda la capital almohade, Sevilla, tras 500 a\u00f1os de gobierno musulm\u00e1n (Califato de C\u00f3rdoba, Taifa de Sevilla, almor\u00e1vides y almohades). Entre sus tropas, las del rey de Castilla, efectivos nazar\u00edes del Reino de Granada, enviados para apoyarle en la ca\u00edda del Reino de Sevilla. <\/p>\n\n\n\n<div style=\"height:14px\" aria-hidden=\"true\" class=\"wp-block-spacer\"><\/div>\n\n\n<div class=\"wp-block-image\">\n<figure class=\"aligncenter size-full\"><img loading=\"lazy\" decoding=\"async\" width=\"567\" height=\"850\" src=\"https:\/\/www.avenateandalu.com\/wp-content\/uploads\/2025\/07\/Al-Nasir.jpg\" alt=\"\" class=\"wp-image-6464\" srcset=\"https:\/\/www.avenateandalu.com\/wp-content\/uploads\/2025\/07\/Al-Nasir.jpg 567w, https:\/\/www.avenateandalu.com\/wp-content\/uploads\/2025\/07\/Al-Nasir-200x300.jpg 200w\" sizes=\"auto, (max-width: 567px) 100vw, 567px\" \/><figcaption class=\"wp-element-caption\">Recreaci\u00f3n del califa almohade Muhammad Al-Nasir. No se conservan retratos de la \u00e9poca, ni representaci\u00f3n en monedas, dada la reticencia a estas formas de representaci\u00f3n de la propia cultura almohade.<\/figcaption><\/figure>\n<\/div>\n\n\n<div style=\"height:21px\" aria-hidden=\"true\" class=\"wp-block-spacer\"><\/div>\n\n\n\n<p>Previamente, tras m\u00faltiples asedios, el Reino de Ja\u00e9n hab\u00eda sucumbido (1246), provocando adem\u00e1s el pacto de vasallaje del primer gran rey nazar\u00ed de Granada, Ibn al-Ahmar (Pacto de Ja\u00e9n) con el propio Fernando III.<\/p>\n\n\n\n<p>El poder almohade retroceder\u00eda de esta forma ante el empuje castellano que tras a\u00f1os de enfrentamientos, empezaba a ver la balanza inclinarse de su lado en lo que a sus ambiciones de conquista significaba. A pesar de actitudes m\u00e1s abiertas como la de Alfonso X El Sabio, comenzaban tiempos dif\u00edciles para Al Andalus, tiempos oscuros para los andalus\u00edes.<\/p>\n\n\n\n<div style=\"height:20px\" aria-hidden=\"true\" class=\"wp-block-spacer\"><\/div>\n\n\n<div class=\"wp-block-image\">\n<figure class=\"aligncenter size-full\"><img loading=\"lazy\" decoding=\"async\" width=\"481\" height=\"466\" src=\"https:\/\/www.avenateandalu.com\/wp-content\/uploads\/2025\/07\/Cantigas_battle.jpg\" alt=\"\" class=\"wp-image-6462\" srcset=\"https:\/\/www.avenateandalu.com\/wp-content\/uploads\/2025\/07\/Cantigas_battle.jpg 481w, https:\/\/www.avenateandalu.com\/wp-content\/uploads\/2025\/07\/Cantigas_battle-300x291.jpg 300w\" sizes=\"auto, (max-width: 481px) 100vw, 481px\" \/><figcaption class=\"wp-element-caption\">Batalla entre reinos cristianos y musulmanes en Alandalus. C\u00e1ntigas de Santa Mar\u00eda<\/figcaption><\/figure>\n<\/div>\n\n\n<div style=\"height:100px\" aria-hidden=\"true\" class=\"wp-block-spacer\"><\/div>\n\n\n\n<p>Fuentes: <\/p>\n\n\n\n<p>Bibliograf\u00eda y art\u00edculos citados en Wikipedia para este evento.<\/p>\n\n\n\n<div style=\"height:28px\" aria-hidden=\"true\" class=\"wp-block-spacer\"><\/div>\n\n\n\n<div class=\"wp-block-buttons is-layout-flex wp-block-buttons-is-layout-flex\">\n<div class=\"wp-block-button is-style-outline is-style-outline--1\"><a class=\"wp-block-button__link has-white-color has-text-color has-background wp-element-button\" href=\"https:\/\/www.avenateandalu.com\/\" style=\"border-radius:50px;background-color:#057831\">Volver a Inicio<\/a><\/div>\n\n\n\n<div class=\"wp-block-button is-style-outline is-style-outline--2\"><a class=\"wp-block-button__link has-white-color has-text-color has-background wp-element-button\" href=\"https:\/\/www.avenateandalu.com\/index.php\/historia-andaluza\/\" style=\"border-radius:50px;background-color:#057831\">Volver a Historia Andaluza<\/a><\/div>\n<\/div>\n<div class=\"likebtn_container\" style=\"\"><!-- LikeBtn.com BEGIN --><span class=\"likebtn-wrapper\"  data-identifier=\"post_6439\"  data-site_id=\"658af34a943ec97271c5d7cc\"  data-lang=\"es\"  data-white_label=\"true\"  data-style=\"\"  data-unlike_allowed=\"\"  data-show_copyright=\"\"  data-item_url=\"https:\/\/www.avenateandalu.com\/index.php\/2025\/07\/10\/navas-de-tolosa-la-batalla-del-castigo\/\"  data-item_title=\"Navas de Tolosa. La Batalla del Castigo\"  data-item_image=\"https:\/\/www.avenateandalu.com\/wp-content\/uploads\/2025\/07\/Portada.jpg\"  data-item_date=\"2025-07-10T18:07:38+00:00\"  data-engine=\"WordPress\"  data-plugin_v=\"2.6.58\"  data-prx=\"https:\/\/www.avenateandalu.com\/wp-admin\/admin-ajax.php?action=likebtn_prx\"  data-event_handler=\"likebtn_eh\" ><\/span><!-- LikeBtn.com END --><\/div>","protected":false},"excerpt":{"rendered":"<p>El 16 de julio de 1212, Andaluc\u00eda fue testigo, como tantas otras veces, de la lucha de poderes que conlleva la ambici\u00f3n del ser humano. Con la religi\u00f3n como excusa, una multitudinaria tropa de cruzados dirigidos por los reyes Alfonso VIII de Castilla, Pedro II de Arag\u00f3n y Sancho VII de Navarra se enfrenta y &#8230; <a title=\"Navas de Tolosa. La Batalla del Castigo\" class=\"read-more\" href=\"https:\/\/www.avenateandalu.com\/index.php\/2025\/07\/10\/navas-de-tolosa-la-batalla-del-castigo\/\" aria-label=\"Leer m\u00e1s sobre Navas de Tolosa. La Batalla del Castigo\">Leer m\u00e1s<\/a><\/p>\n<div class=\"likebtn_container\" style=\"\"><!-- LikeBtn.com BEGIN --><span class=\"likebtn-wrapper\"  data-identifier=\"post_6439\"  data-site_id=\"658af34a943ec97271c5d7cc\"  data-lang=\"es\"  data-white_label=\"true\"  data-style=\"\"  data-unlike_allowed=\"\"  data-show_copyright=\"\"  data-item_url=\"https:\/\/www.avenateandalu.com\/index.php\/2025\/07\/10\/navas-de-tolosa-la-batalla-del-castigo\/\"  data-item_title=\"Navas de Tolosa. La Batalla del Castigo\"  data-item_image=\"https:\/\/www.avenateandalu.com\/wp-content\/uploads\/2025\/07\/Portada.jpg\"  data-item_date=\"2025-07-10T18:07:38+00:00\"  data-engine=\"WordPress\"  data-plugin_v=\"2.6.58\"  data-prx=\"https:\/\/www.avenateandalu.com\/wp-admin\/admin-ajax.php?action=likebtn_prx\"  data-event_handler=\"likebtn_eh\" ><\/span><!-- LikeBtn.com END --><\/div>","protected":false},"author":1,"featured_media":6445,"comment_status":"open","ping_status":"open","sticky":false,"template":"","format":"standard","meta":{"_eb_attr":"","footnotes":""},"categories":[116],"tags":[293,305,83,304],"class_list":["post-6439","post","type-post","status-publish","format-standard","has-post-thumbnail","hentry","category-portadahistoria","tag-alandalus","tag-conquistacastellana","tag-historiaandaluza","tag-imperioalmohade"],"rttpg_featured_image_url":{"full":["https:\/\/www.avenateandalu.com\/wp-content\/uploads\/2025\/07\/Portada.jpg",850,567,false],"landscape":["https:\/\/www.avenateandalu.com\/wp-content\/uploads\/2025\/07\/Portada.jpg",850,567,false],"portraits":["https:\/\/www.avenateandalu.com\/wp-content\/uploads\/2025\/07\/Portada.jpg",850,567,false],"thumbnail":["https:\/\/www.avenateandalu.com\/wp-content\/uploads\/2025\/07\/Portada-150x150.jpg",150,150,true],"medium":["https:\/\/www.avenateandalu.com\/wp-content\/uploads\/2025\/07\/Portada-300x200.jpg",300,200,true],"large":["https:\/\/www.avenateandalu.com\/wp-content\/uploads\/2025\/07\/Portada.jpg",850,567,false],"1536x1536":["https:\/\/www.avenateandalu.com\/wp-content\/uploads\/2025\/07\/Portada.jpg",850,567,false],"2048x2048":["https:\/\/www.avenateandalu.com\/wp-content\/uploads\/2025\/07\/Portada.jpg",850,567,false]},"rttpg_author":{"display_name":"Avenate Andal\u00fa","author_link":"https:\/\/www.avenateandalu.com\/index.php\/author\/admin\/"},"rttpg_comment":0,"rttpg_category":"<a href=\"https:\/\/www.avenateandalu.com\/index.php\/category\/portadahistoria\/\" rel=\"category tag\">PORTADAHISTORIA<\/a>","rttpg_excerpt":"El 16 de julio de 1212, Andaluc\u00eda fue testigo, como tantas otras veces, de la lucha de poderes que conlleva la ambici\u00f3n del ser humano. Con la religi\u00f3n como excusa, una multitudinaria tropa de cruzados dirigidos por los reyes Alfonso VIII de Castilla, Pedro II de Arag\u00f3n y Sancho VII de Navarra se enfrenta y&hellip;","_links":{"self":[{"href":"https:\/\/www.avenateandalu.com\/index.php\/wp-json\/wp\/v2\/posts\/6439","targetHints":{"allow":["GET"]}}],"collection":[{"href":"https:\/\/www.avenateandalu.com\/index.php\/wp-json\/wp\/v2\/posts"}],"about":[{"href":"https:\/\/www.avenateandalu.com\/index.php\/wp-json\/wp\/v2\/types\/post"}],"author":[{"embeddable":true,"href":"https:\/\/www.avenateandalu.com\/index.php\/wp-json\/wp\/v2\/users\/1"}],"replies":[{"embeddable":true,"href":"https:\/\/www.avenateandalu.com\/index.php\/wp-json\/wp\/v2\/comments?post=6439"}],"version-history":[{"count":18,"href":"https:\/\/www.avenateandalu.com\/index.php\/wp-json\/wp\/v2\/posts\/6439\/revisions"}],"predecessor-version":[{"id":6477,"href":"https:\/\/www.avenateandalu.com\/index.php\/wp-json\/wp\/v2\/posts\/6439\/revisions\/6477"}],"wp:featuredmedia":[{"embeddable":true,"href":"https:\/\/www.avenateandalu.com\/index.php\/wp-json\/wp\/v2\/media\/6445"}],"wp:attachment":[{"href":"https:\/\/www.avenateandalu.com\/index.php\/wp-json\/wp\/v2\/media?parent=6439"}],"wp:term":[{"taxonomy":"category","embeddable":true,"href":"https:\/\/www.avenateandalu.com\/index.php\/wp-json\/wp\/v2\/categories?post=6439"},{"taxonomy":"post_tag","embeddable":true,"href":"https:\/\/www.avenateandalu.com\/index.php\/wp-json\/wp\/v2\/tags?post=6439"}],"curies":[{"name":"wp","href":"https:\/\/api.w.org\/{rel}","templated":true}]}}