{"id":6507,"date":"2025-08-14T12:16:55","date_gmt":"2025-08-14T12:16:55","guid":{"rendered":"https:\/\/www.avenateandalu.com\/?p=6507"},"modified":"2025-08-14T12:16:57","modified_gmt":"2025-08-14T12:16:57","slug":"la-izquierda-andaluza","status":"publish","type":"post","link":"https:\/\/www.avenateandalu.com\/index.php\/2025\/08\/14\/la-izquierda-andaluza\/","title":{"rendered":"La Izquierda Andaluza"},"content":{"rendered":"\n<p>Autor: Francisco Jos\u00e9 Cansino D\u00edaz<\/p>\n\n\n\n<p>Hubo un tiempo en el que Andaluc\u00eda se gan\u00f3 el sobrenombre de \u201cLa Roja\u201d, color vinculado a las fuerzas pol\u00edticas socialistas, comunistas y andalucistas que se hicieron fuertes en organizaci\u00f3n a lo largo del suelo andaluz. Ha llovido mucho desde entonces.<\/p>\n\n\n\n<p>Hablemos de la izquierda andaluza actual, o mejor dicho, de las \u201cizquierdas andaluzas\u201d.<\/p>\n\n\n\n<p>Pero antes, un inciso. Es curioso como en la derecha, la microfragmentaci\u00f3n que sufre la izquierda, no se da. Antes de la aparici\u00f3n de VOX, todas las partes estaban englobadas en el PP (con permiso de Cs), partido heredero de Alianza Popular. Luego se excindieron los integrantes de la autoproclamada\u201cderecha valiente\u201d, y con ellos surgi\u00f3 ese nuevo partido que enarbola la bandera de la ultraderecha, constituido por esos \u2018valientes\u2019 que se niegan a condenar la barbarie de un golpe de estado criminal que tras consumar el derrocamiento de un gobierno democr\u00e1tico, provoc\u00f3 miles de muertos civiles en una estudiada limpieza ideol\u00f3gica, cad\u00e1veres que a\u00fan hoy siguen siendo recuperados de las miles de fosas comunes que se reparten por el territorio espa\u00f1ol (la Memoria Hist\u00f3rica ha confirmado m\u00e1s de 4000 fosas y m\u00e1s de 114.000 desapariciones forzosas). As\u00ed est\u00e1 nuestra democracia.<\/p>\n\n\n\n<div style=\"height:20px\" aria-hidden=\"true\" class=\"wp-block-spacer\"><\/div>\n\n\n<div class=\"wp-block-image\">\n<figure class=\"aligncenter size-full is-resized\"><img loading=\"lazy\" decoding=\"async\" width=\"300\" height=\"168\" src=\"https:\/\/www.avenateandalu.com\/wp-content\/uploads\/2025\/08\/Feijoo-y-Abascal.jpg\" alt=\"\" class=\"wp-image-6509\" style=\"width:500px\"\/><figcaption class=\"wp-element-caption\">Feijoo, l\u00edder del PP y Abascal, l\u00edder de Vox. Fotograf\u00eda de RTVE.<\/figcaption><\/figure>\n<\/div>\n\n\n<div style=\"height:19px\" aria-hidden=\"true\" class=\"wp-block-spacer\"><\/div>\n\n\n\n<p>De nuevo, mirando a la izquierda, comprobamos la presencia en Andaluc\u00eda de un primer grupo de partidos condicionados por unos \u00f3rganos centrales enraizados en la capital de Espa\u00f1a, como Izquierda Unida, Unidas Podemos, M\u00e1s Pa\u00eds, y la existencia tambi\u00e9n de un segundo grupo de partidos de izquierda con un claro componente andalucista, como son Adelante Andaluc\u00eda y Naci\u00f3n Andaluza. &nbsp;<\/p>\n\n\n\n<p>Finalmente, partidos con una ubicaci\u00f3n poco definida, quiz\u00e1s dubitativa, como Iniciativa del Pueblo Andaluz, que se define de izquierdas y andalucista, pero con un posicionamiento m\u00e1s cercano a los partidos estatales que a los propios partidos andalucistas, de hecho se encuentra en la coalici\u00f3n Sumar, y Andaluc\u00eda Por Si, heredera del extinto Partido Andalucista, con un mensaje ut\u00f3pico desde sus propios puestos de direcci\u00f3n, que vienen a definir la formaci\u00f3n como una organizaci\u00f3n andalucista que no es de derechas ni de izquierdas, algo muy complejo, dif\u00edcil de entender y quiz\u00e1s m\u00e1s, de poner en pr\u00e1ctica.<\/p>\n\n\n\n<p>Casi nada. 7 partidos o m\u00e1s. Todo un reto para el votante andaluz de izquierdas. Pero bueno, quien sigue la pol\u00edtica, deber\u00eda empezar a tener las cosas un poquito claras.&nbsp; Y el problema es precisamente \u00e9ste, que la mayor\u00eda de las andaluzas y andaluces s\u00f3lo se acerca a la pol\u00edtica cuando llega la \u00e9poca de las elecciones, y muchas, ni eso, dada la baja participaci\u00f3n que vienen arrastrando los comicios en nuestra tierra en las \u00faltimas convocatorias, especialmente con los votantes de izquierdas.<\/p>\n\n\n\n<div style=\"height:17px\" aria-hidden=\"true\" class=\"wp-block-spacer\"><\/div>\n\n\n<div class=\"wp-block-image\">\n<figure class=\"aligncenter size-full\"><img loading=\"lazy\" decoding=\"async\" width=\"700\" height=\"412\" src=\"https:\/\/www.avenateandalu.com\/wp-content\/uploads\/2025\/08\/1540277778681EleccionesEstandar.jpg\" alt=\"\" class=\"wp-image-6516\" srcset=\"https:\/\/www.avenateandalu.com\/wp-content\/uploads\/2025\/08\/1540277778681EleccionesEstandar.jpg 700w, https:\/\/www.avenateandalu.com\/wp-content\/uploads\/2025\/08\/1540277778681EleccionesEstandar-300x177.jpg 300w\" sizes=\"auto, (max-width: 700px) 100vw, 700px\" \/><figcaption class=\"wp-element-caption\">Imagen de votante andaluz. Fotograf\u00eda de la Junta de Andaluc\u00eda<\/figcaption><\/figure>\n<\/div>\n\n\n<div style=\"height:22px\" aria-hidden=\"true\" class=\"wp-block-spacer\"><\/div>\n\n\n\n<p>Vayamos por partes.<\/p>\n\n\n\n<p>La izquierda tradicional espa\u00f1ola, encabezada por Izquierda Unida, ha ido descomponi\u00e9ndose en nuevos partidos a ra\u00edz del surgir de Podemos y de su posterior fractura, dando lugar a partidos como M\u00e1s Madrid (M\u00e1s Pa\u00eds). En ellos, un factor com\u00fan, aunque con militantes andaluzas y andaluces, sus \u00f3rganos de decisi\u00f3n est\u00e1n establecidos en Madrid, y sus directrices de actuaci\u00f3n tambi\u00e9n se marcan desde all\u00ed, pese a que internamente se defienda lo contrario. Todo queda en evidencia cuando llega la hora de los pactos.<\/p>\n\n\n\n<p>Ya se vi\u00f3 lo que ocurri\u00f3 cuando Teresa Rodr\u00edguez intent\u00f3 proponer un sistema federal para conseguir aumentar el peso de Andaluc\u00eda en las decisiones de la izquierda espa\u00f1ola . El proyecto com\u00fan estall\u00f3 por los aires.<\/p>\n\n\n\n<div style=\"height:19px\" aria-hidden=\"true\" class=\"wp-block-spacer\"><\/div>\n\n\n\n<figure class=\"wp-block-gallery has-nested-images columns-4 is-cropped wp-block-gallery-1 is-layout-flex wp-block-gallery-is-layout-flex\">\n<figure class=\"wp-block-image size-large\"><img loading=\"lazy\" decoding=\"async\" width=\"1024\" height=\"604\" data-id=\"6521\" src=\"https:\/\/www.avenateandalu.com\/wp-content\/uploads\/2025\/08\/Captura-1024x604.jpg\" alt=\"\" class=\"wp-image-6521\" srcset=\"https:\/\/www.avenateandalu.com\/wp-content\/uploads\/2025\/08\/Captura-1024x604.jpg 1024w, https:\/\/www.avenateandalu.com\/wp-content\/uploads\/2025\/08\/Captura-300x177.jpg 300w, https:\/\/www.avenateandalu.com\/wp-content\/uploads\/2025\/08\/Captura-768x453.jpg 768w, https:\/\/www.avenateandalu.com\/wp-content\/uploads\/2025\/08\/Captura.jpg 1205w\" sizes=\"auto, (max-width: 1024px) 100vw, 1024px\" \/><\/figure>\n\n\n\n<figure class=\"wp-block-image size-large\"><img loading=\"lazy\" decoding=\"async\" width=\"650\" height=\"433\" data-id=\"6520\" src=\"https:\/\/www.avenateandalu.com\/wp-content\/uploads\/2025\/08\/Ione-Belarra_Ser.jpg\" alt=\"\" class=\"wp-image-6520\" srcset=\"https:\/\/www.avenateandalu.com\/wp-content\/uploads\/2025\/08\/Ione-Belarra_Ser.jpg 650w, https:\/\/www.avenateandalu.com\/wp-content\/uploads\/2025\/08\/Ione-Belarra_Ser-300x200.jpg 300w\" sizes=\"auto, (max-width: 650px) 100vw, 650px\" \/><\/figure>\n\n\n\n<figure class=\"wp-block-image size-large\"><img loading=\"lazy\" decoding=\"async\" width=\"191\" height=\"264\" data-id=\"6518\" src=\"https:\/\/www.avenateandalu.com\/wp-content\/uploads\/2025\/08\/Maillo.jpg\" alt=\"\" class=\"wp-image-6518\"\/><\/figure>\n\n\n\n<figure class=\"wp-block-image size-large\"><img loading=\"lazy\" decoding=\"async\" width=\"187\" height=\"269\" data-id=\"6519\" src=\"https:\/\/www.avenateandalu.com\/wp-content\/uploads\/2025\/08\/Yolanda.jpg\" alt=\"\" class=\"wp-image-6519\"\/><\/figure>\n<\/figure>\n\n\n\n<div style=\"height:14px\" aria-hidden=\"true\" class=\"wp-block-spacer\"><\/div>\n\n\n\n<p>Fotograf\u00edas de Esperanza G\u00f3mez, junto a \u00cd\u00f1igo Errej\u00f3n, Ione Belarra, Antonio Maillo y Yolanda D\u00edaz.<\/p>\n\n\n\n<p>No se contempla ese valor para Andaluc\u00eda en la Izquierda Estatal espa\u00f1ola, no se concibe. La andalucista Pilar T\u00e1vora lo sabe bien en su \u00faltima aventura de la mano de esta Izquierda Estatal, cuando Andaluc\u00eda volvi\u00f3 a ser postergada a la hora del reparto de funciones.<\/p>\n\n\n\n<p>La vicepresidenta, Yolanda D\u00edaz, en las pasadas elecciones estatales, hizo un gran tour por Andaluc\u00eda para pedir el voto andaluz. Sin embargo, cuando los trabajadores del metal de C\u00e1diz fueron neutralizados por el despliegue de una tanqueta, no tuvo el detalle de pisar suelo andaluz para abrir ese di\u00e1logo del que tanto le gusta hablar.<\/p>\n\n\n\n<div style=\"height:21px\" aria-hidden=\"true\" class=\"wp-block-spacer\"><\/div>\n\n\n<div class=\"wp-block-image\">\n<figure class=\"aligncenter size-full\"><img loading=\"lazy\" decoding=\"async\" width=\"800\" height=\"450\" src=\"https:\/\/www.avenateandalu.com\/wp-content\/uploads\/2025\/08\/Pilar-Tavora.jpg\" alt=\"\" class=\"wp-image-6523\" srcset=\"https:\/\/www.avenateandalu.com\/wp-content\/uploads\/2025\/08\/Pilar-Tavora.jpg 800w, https:\/\/www.avenateandalu.com\/wp-content\/uploads\/2025\/08\/Pilar-Tavora-300x169.jpg 300w, https:\/\/www.avenateandalu.com\/wp-content\/uploads\/2025\/08\/Pilar-Tavora-768x432.jpg 768w\" sizes=\"auto, (max-width: 800px) 100vw, 800px\" \/><figcaption class=\"wp-element-caption\">Pilar T\u00e1vora. Fotograf\u00eda de RTVE.<\/figcaption><\/figure>\n<\/div>\n\n\n<div style=\"height:21px\" aria-hidden=\"true\" class=\"wp-block-spacer\"><\/div>\n\n\n\n<p>Personalmente, creo que Andaluc\u00eda se merece hacer pol\u00edtica desde aqu\u00ed, y ello implica \u00f3rganos de decisi\u00f3n establecidos aqu\u00ed. Y cuando digo aqu\u00ed es en Almer\u00eda, C\u00e1diz, C\u00f3rdoba, Granada, Huelva, Ja\u00e9n, M\u00e1laga o Sevilla. La pol\u00edtica que beneficie a Andaluc\u00eda, s\u00f3lo puede venir de Andaluc\u00eda. Eso no significa ser insolidario. Eso viene en paralelo. Pero para poder dar, primero debemos dejar de estar subvencionados. Y para dejar de estar subvencionados, lo suyo ser\u00eda que se saldara la deuda hist\u00f3rica que Espa\u00f1a ha contra\u00eddo con Andaluc\u00eda y que le ha privado de un crecimiento que probablemente nos hubiera situado a la cabeza de Europa, y no en su cola.<\/p>\n\n\n\n<p>Ojito con esto. Ni la izquierda del PSOE, ni la derecha del PP han conseguido que Andaluc\u00eda deje de ser un Pueblo subvencionado. Muy triste, \u00bfno? \u00bftan dif\u00edcil es poner las bases para que el Pueblo Andaluz vuelva a recuperar lo que fue y dej\u00f3 de ser? \u00bftan caro es volver a ser \u201cmujeres y hombres de luz\u201d como dice nuestro himno? L\u00f3gicamente hacen falta medidas concretas y no aparentar buenas intenciones que se pierden en ideas globales difusas.<\/p>\n\n\n\n<p>Al bipartidismo, apoyado&nbsp; por sus respectivos \u201cpartidos muleta\u201d, no le ha interesado nunca sacar a Andaluc\u00eda del pozo, aunque son capaces de tirarse a \u00e9l para venir a pedir votos cuando se acercan las elecciones de cualquier tipo.<\/p>\n\n\n\n<p>Ante el panorama pol\u00edtico andaluz, una pregunta:<\/p>\n\n\n\n<p>&nbsp;\u00bfC\u00f3mo la derecha puede tener tan claro lo que quiere, y a la izquierda costarle tanto el ponerse de acuerdo para casi siempre no ofrecer soluciones a los problemas de la gente? Debe ser muy complicado eso de poner en marcha medidas sociales y beneficios para los que no disponen de poder econ\u00f3mico y no manejan los hilos. Especialmente en el pa\u00eds del Ibex.<\/p>\n\n\n\n<p>\u00bfO quiz\u00e1s es m\u00e1s dif\u00edcil a\u00fan que el militante de izquierdas que llega al Poder no mire m\u00e1s alla de coger un buen sill\u00f3n y aumentar su patrimonio personal como objetivo fundamental? \u00bfPonemos ejemplos? Mejor no. Todos podemos tirar de hemeroteca. Qu\u00e9 dif\u00edcil es encontrar gente \u00edntegra en pol\u00edtica que no se mueva por intereses personales.<\/p>\n\n\n\n<p>Una cosa s\u00ed est\u00e1 clara. S\u00f3lo hay que mirar hacia atr\u00e1s a lo largo de todos estos a\u00f1os de democracia. Andaluc\u00eda sigue siendo la cenicienta, para la derecha y para la izquierda.<\/p>\n\n\n\n<p>Que no nos enga\u00f1e el desarrollo sobre todo venido del crecimiento brutal del turismo, que por cierto est\u00e1 echando de las capitales y principales ciudades a los propios andaluces y andaluzas ante la enorme subida de la vivienda. Las rentas de los hogares andaluces siguen estando las \u00faltimas de la econom\u00eda espa\u00f1ola. A lo mejor tiene que ver que la mayor\u00eda de empresas que vienen a Andaluc\u00eda a contratar mano de obra barata y a explotar sus recursos, en una econom\u00eda colonial en pleno siglo XXI, no son de propietarios andaluces. Quien tenga dudas, que indague, que busque y que se informe de la sede de esas empresas.<\/p>\n\n\n\n<div style=\"height:18px\" aria-hidden=\"true\" class=\"wp-block-spacer\"><\/div>\n\n\n\n<figure class=\"wp-block-gallery has-nested-images columns-default is-cropped wp-block-gallery-2 is-layout-flex wp-block-gallery-is-layout-flex\">\n<figure class=\"wp-block-image size-large\"><img loading=\"lazy\" decoding=\"async\" width=\"300\" height=\"168\" data-id=\"6526\" src=\"https:\/\/www.avenateandalu.com\/wp-content\/uploads\/2025\/08\/Los-Barrios.jpg\" alt=\"\" class=\"wp-image-6526\"\/><\/figure>\n\n\n\n<figure class=\"wp-block-image size-large\"><img loading=\"lazy\" decoding=\"async\" width=\"300\" height=\"168\" data-id=\"6527\" src=\"https:\/\/www.avenateandalu.com\/wp-content\/uploads\/2025\/08\/Vivienda-Malaga.jpg\" alt=\"\" class=\"wp-image-6527\"\/><\/figure>\n<\/figure>\n\n\n\n<div style=\"height:12px\" aria-hidden=\"true\" class=\"wp-block-spacer\"><\/div>\n\n\n\n<p>Fotograf\u00edas de manifestaciones en suelo andaluz por la vivienda. Im\u00e1genes del El Diario.<\/p>\n\n\n\n<p>Y no se trata de construir una \u201caldea de Asterix\u201d aqu\u00ed en el sur, pero tampoco de diluirnos en la m\u00e1s absoluta \u201cnada\u201d. Una competencia externa te ayuda a crecer, pero no si ahoga el tejido productivo aut\u00f3ctono y lo rebaja a ser un productor meramente auxiliar, sin margen de maniobra para crecer y competir en el mercado.<\/p>\n\n\n\n<p>Estas directrices colonialistas marcadas en nuestra econom\u00eda no s\u00f3lo marcan la pauta en el turismo, sino que tambi\u00e9n lo hacen en nuestra industria, en la construcci\u00f3n, en la producci\u00f3n y distribuci\u00f3n energ\u00e9tica y c\u00f3mo no, en los campos andaluces, donde cada vez son m\u00e1s los peque\u00f1os agricultores que venden sus terrenos a grandes empresas (normalmente externas) e interesados fondos de inversi\u00f3n. Hasta nuestra Sanidad y Educaci\u00f3n es cada vez m\u00e1s explotada por empresas llegadas de fuera, pero no para ofrecer un mejor servicio a las gentes de Andaluc\u00eda, sino para ganar dinero, fin \u00faltimo de toda empresa privada.<\/p>\n\n\n\n<p>Retomando el tema de este art\u00edculo. \u00bfQu\u00e9 ha hecho la izquierda estatal por Andaluc\u00eda en todos estos a\u00f1os de democracia? \u00bfqu\u00e9 proyectos ambiciosos ha desplegado para el crecimiento y desarrollo andaluz?<\/p>\n\n\n\n<p>Sin duda, las luchas de poder han alejado la ilusi\u00f3n y el voto de las andaluzas y andaluces, as\u00ed como la falta de ejecuci\u00f3n de proyectos concretos y definidos que verdaderamente hayan mejorado la vida de estas personas de Andaluc\u00eda. \u00bfEmpezamos quiz\u00e1s por valorar la cesta de la compra? \u00bfqui\u00e9n tiene derecho a mantener en su dieta el pescado, la carne, o incluso las frutas y verduras? \u00bfqui\u00e9n puede pagarse el aire acondicionado en verano y la calefacci\u00f3n en invierno? Algo tan simple para pol\u00edticos de izquierdas conscientes de los problemas de la calle. <\/p>\n\n\n\n<p>La coalici\u00f3n gubernamental en Madrid, con SUMAR como coprotagonista, se cortocircuita cuando debiera ser todo lo contrario. Su presencia en el gobierno deber\u00eda servir para perseguir y provocar el crecimiento y desarrollo de los territorios m\u00e1s desfavorecidos del Estado espa\u00f1ol. Y de esos tenemos bastantes ejemplos en suelo andaluz.<\/p>\n\n\n\n<div style=\"height:19px\" aria-hidden=\"true\" class=\"wp-block-spacer\"><\/div>\n\n\n\n<figure class=\"wp-block-image size-full\"><img loading=\"lazy\" decoding=\"async\" width=\"990\" height=\"556\" src=\"https:\/\/www.avenateandalu.com\/wp-content\/uploads\/2025\/08\/tasa-de-paro-en-cada-comunidad-autonoma-en-el-segundo-trimestre-de-2025.webp\" alt=\"\" class=\"wp-image-6531\" srcset=\"https:\/\/www.avenateandalu.com\/wp-content\/uploads\/2025\/08\/tasa-de-paro-en-cada-comunidad-autonoma-en-el-segundo-trimestre-de-2025.webp 990w, https:\/\/www.avenateandalu.com\/wp-content\/uploads\/2025\/08\/tasa-de-paro-en-cada-comunidad-autonoma-en-el-segundo-trimestre-de-2025-300x168.webp 300w, https:\/\/www.avenateandalu.com\/wp-content\/uploads\/2025\/08\/tasa-de-paro-en-cada-comunidad-autonoma-en-el-segundo-trimestre-de-2025-768x431.webp 768w\" sizes=\"auto, (max-width: 990px) 100vw, 990px\" \/><figcaption class=\"wp-element-caption\">Imagen que recoge la Tasa de Paro en el segundo trimestre de 2025. Fuente: Diario digital 20 minutos<\/figcaption><\/figure>\n\n\n\n<div style=\"height:20px\" aria-hidden=\"true\" class=\"wp-block-spacer\"><\/div>\n\n\n\n<p>Esgrimir la defensa de unos grandes presupuestos para Andaluc\u00eda en valores absolutos no sirve para ocultar el gran problema de la infrafinanciaci\u00f3n andaluza que el gobierno central m\u00e1s de izquierdas de la historia democr\u00e1tica de Espa\u00f1a no ha sido a\u00fan capaz de solucionar todav\u00eda. Adem\u00e1s, el pacto de una financiaci\u00f3n singular para Catalu\u00f1a, pone en bandeja a la derecha el papel de la defensa de la igualdad de todos los espa\u00f1oles. D\u00edganselo al Sr. Montoro, Rato, B\u00e1rcenas, etc, etc. Todos ellos saben perfectamentes sobre ese asunto de la igualdad&#8230;<\/p>\n\n\n\n<p>Por otro lado, en estos d\u00edas de recuerdo del vil asesinato del Padre de la Patria Andaluza, el centralismo jacobino de la izquierda estatal se disfraza de \u201candalucismo\u201d militante. No se puede ser menos que los hip\u00f3critas gobernantes de la Junta de Andaluc\u00eda, los amigos del PP, promotores, por encargo, del nuevo \u201cD\u00eda de la Bandera\u201d, fiesta banal si tan s\u00f3lo se venera tristemente a un trapo, obviando todo lo que conlleva su confecci\u00f3n.<\/p>\n\n\n\n<div style=\"height:19px\" aria-hidden=\"true\" class=\"wp-block-spacer\"><\/div>\n\n\n<div class=\"wp-block-image\">\n<figure class=\"aligncenter size-full\"><img loading=\"lazy\" decoding=\"async\" width=\"273\" height=\"364\" src=\"https:\/\/www.avenateandalu.com\/wp-content\/uploads\/2024\/06\/273px-Monument_to_Blas_Infante_Seville.jpg\" alt=\"\" class=\"wp-image-4493\" srcset=\"https:\/\/www.avenateandalu.com\/wp-content\/uploads\/2024\/06\/273px-Monument_to_Blas_Infante_Seville.jpg 273w, https:\/\/www.avenateandalu.com\/wp-content\/uploads\/2024\/06\/273px-Monument_to_Blas_Infante_Seville-225x300.jpg 225w\" sizes=\"auto, (max-width: 273px) 100vw, 273px\" \/><figcaption class=\"wp-element-caption\">Monumento a Blas Infante, ubicado en la zona donde fue ejecutado en Sevilla, en el Golpe de Estado de 1936<\/figcaption><\/figure>\n<\/div>\n\n\n<div style=\"height:18px\" aria-hidden=\"true\" class=\"wp-block-spacer\"><\/div>\n\n\n\n<p>Como respuesta a esta izquierda estatal, partidos como Adelante Andaluc\u00eda y Naci\u00f3n Andaluza. Acusados por muchos de partidos extremos. Aqu\u00ed en Andaluc\u00eda no gustan los extremos. Es algo extendido. Pero ante este pensamiento, totalmente respetable, una cuesti\u00f3n, \u00bfverdaderamente puede Andaluc\u00eda romper con el rol que se le ha asignado en el Estado espa\u00f1ol y en Europa sin adoptar medidas ciertamente \u201cextremas\u201d, si es que as\u00ed se las quiere denominar?<\/p>\n\n\n\n<p>De ambas formaciones, Adelante Andaluc\u00eda es fruto del entendimiento de formaciones andalucistas, como Izquierda Andalucista, Primavera Andaluza o Defender Andaluc\u00eda y de la militancia de Anticapitalistas en Andaluc\u00eda, adem\u00e1s de ser resultado de una gran captaci\u00f3n de nueva militancia que se encuentra hastiada de no disponer de una alternativa real que defienda sus intereses en cualquier foro. Adelante Andaluc\u00eda ha logrado un importante apoyo en las urnas que ha logrado abrirle la puerta para la representaci\u00f3n de sus votantes en el Parlamento Andaluz y en ciertos ayuntamientos.<\/p>\n\n\n\n<div style=\"height:18px\" aria-hidden=\"true\" class=\"wp-block-spacer\"><\/div>\n\n\n<div class=\"wp-block-image\">\n<figure class=\"aligncenter size-full is-resized\"><img loading=\"lazy\" decoding=\"async\" width=\"300\" height=\"168\" src=\"https:\/\/www.avenateandalu.com\/wp-content\/uploads\/2025\/04\/descarga-1.jpg\" alt=\"\" class=\"wp-image-6079\" style=\"width:550px\"\/><figcaption class=\"wp-element-caption\">Parlamentarios de Adelante Andaluc\u00eda, Juan Ignacio Garc\u00eda y Maribel Mora (que ha cedido su plaza a Bego\u00f1a Iza), aut\u00e9nticos art\u00edfices de la propuesta de gafas gratis para la poblaci\u00f3n andaluza y estatal.<\/figcaption><\/figure>\n<\/div>\n\n\n<div style=\"height:16px\" aria-hidden=\"true\" class=\"wp-block-spacer\"><\/div>\n\n\n<div class=\"wp-block-image\">\n<figure class=\"aligncenter size-full\"><img loading=\"lazy\" decoding=\"async\" width=\"700\" height=\"467\" src=\"https:\/\/www.avenateandalu.com\/wp-content\/uploads\/2025\/08\/begona-iza-scaled-1.jpg\" alt=\"\" class=\"wp-image-6535\" srcset=\"https:\/\/www.avenateandalu.com\/wp-content\/uploads\/2025\/08\/begona-iza-scaled-1.jpg 700w, https:\/\/www.avenateandalu.com\/wp-content\/uploads\/2025\/08\/begona-iza-scaled-1-300x200.jpg 300w\" sizes=\"auto, (max-width: 700px) 100vw, 700px\" \/><figcaption class=\"wp-element-caption\">Bego\u00f1a Iza, nueva parlamentaria de Adelante Andaluc\u00eda. Fotograf\u00e1 del diario La Voz de Alcal\u00e1<\/figcaption><\/figure>\n<\/div>\n\n\n<p>Naci\u00f3n Andaluza, por su parte, tiene un seguimiento menor por parte de la poblaci\u00f3n andaluza, si bien, tambi\u00e9n ha crecido en los \u00faltimos a\u00f1os, muy probablemente fruto tambi\u00e9n de ese desencanto de los habitantes de Andaluc\u00eda0, especialmente de la clase trabajadora. Sin lugar a dudas es la formaci\u00f3n que m\u00e1s claramente enarbola la bandera nacionalista andaluza.<\/p>\n\n\n\n<div style=\"height:21px\" aria-hidden=\"true\" class=\"wp-block-spacer\"><\/div>\n\n\n<div class=\"wp-block-image\">\n<figure class=\"aligncenter size-full\"><img loading=\"lazy\" decoding=\"async\" width=\"696\" height=\"696\" src=\"https:\/\/www.avenateandalu.com\/wp-content\/uploads\/2025\/08\/imagen33598_0_original.jpg\" alt=\"\" class=\"wp-image-6536\" srcset=\"https:\/\/www.avenateandalu.com\/wp-content\/uploads\/2025\/08\/imagen33598_0_original.jpg 696w, https:\/\/www.avenateandalu.com\/wp-content\/uploads\/2025\/08\/imagen33598_0_original-300x300.jpg 300w, https:\/\/www.avenateandalu.com\/wp-content\/uploads\/2025\/08\/imagen33598_0_original-150x150.jpg 150w\" sizes=\"auto, (max-width: 696px) 100vw, 696px\" \/><figcaption class=\"wp-element-caption\">Imagen de Carlos R\u00edos, l\u00edder de Naci\u00f3n Andaluza. Fotograf\u00eda del diario Granada Es Noticia<\/figcaption><\/figure>\n<\/div>\n\n\n<div style=\"height:28px\" aria-hidden=\"true\" class=\"wp-block-spacer\"><\/div>\n\n\n\n<p>La cuota de poder dentro del Andalucismo se completa con las representaciones municipales que Andaluc\u00eda Por S\u00ed cuenta en su haber. Algunas de ellas curiosamente logradas por acuerdos con el PP, para lograr desbancar al PSOE. Aunque para pactos extra\u00f1os el que la propia Andaluc\u00eda Por S\u00ed sufri\u00f3 en sus carnes, cuando tras una m\u00e1s que valorable gesti\u00f3n al frente del Ayuntamiento de Santiponce, en la provincia de Sevilla, sus componentes fueron desplazados de la alcald\u00eda de este municipio por una pacto que fue capaz de poner de acuerdo nada m\u00e1s y nada menos que a los representantes de PSOE, PP e Izquierda Unida.<\/p>\n\n\n\n<div style=\"height:15px\" aria-hidden=\"true\" class=\"wp-block-spacer\"><\/div>\n\n\n\n<figure class=\"wp-block-gallery has-nested-images columns-default is-cropped wp-block-gallery-3 is-layout-flex wp-block-gallery-is-layout-flex\">\n<figure class=\"wp-block-image size-large\"><img loading=\"lazy\" decoding=\"async\" width=\"1024\" height=\"636\" data-id=\"6539\" src=\"https:\/\/www.avenateandalu.com\/wp-content\/uploads\/2025\/08\/AxSi-Santiponce-1024x636.jpg\" alt=\"\" class=\"wp-image-6539\" srcset=\"https:\/\/www.avenateandalu.com\/wp-content\/uploads\/2025\/08\/AxSi-Santiponce-1024x636.jpg 1024w, https:\/\/www.avenateandalu.com\/wp-content\/uploads\/2025\/08\/AxSi-Santiponce-300x186.jpg 300w, https:\/\/www.avenateandalu.com\/wp-content\/uploads\/2025\/08\/AxSi-Santiponce-768x477.jpg 768w, https:\/\/www.avenateandalu.com\/wp-content\/uploads\/2025\/08\/AxSi-Santiponce.jpg 1144w\" sizes=\"auto, (max-width: 1024px) 100vw, 1024px\" \/><\/figure>\n\n\n\n<figure class=\"wp-block-image size-large\"><img loading=\"lazy\" decoding=\"async\" width=\"700\" height=\"394\" data-id=\"6540\" src=\"https:\/\/www.avenateandalu.com\/wp-content\/uploads\/2025\/08\/congreso-axsi-christopher-rivas.jpg\" alt=\"\" class=\"wp-image-6540\" srcset=\"https:\/\/www.avenateandalu.com\/wp-content\/uploads\/2025\/08\/congreso-axsi-christopher-rivas.jpg 700w, https:\/\/www.avenateandalu.com\/wp-content\/uploads\/2025\/08\/congreso-axsi-christopher-rivas-300x169.jpg 300w\" sizes=\"auto, (max-width: 700px) 100vw, 700px\" \/><\/figure>\n<\/figure>\n\n\n\n<div style=\"height:16px\" aria-hidden=\"true\" class=\"wp-block-spacer\"><\/div>\n\n\n\n<p>Im\u00e1genes de Justo Delgado y su buen equipo de gobierno en Santiponce y del nuevo Coordinador nacional de Andaluc\u00eda por S\u00ed, Christopher Rivas.<\/p>\n\n\n\n<p>Desde estos tres \u00faltimos partidos, parece que se est\u00e1 imponiendo otra forma de construir pol\u00edtica. Al margen de las continuas disputas y luchas de poder que se aprecian en la Izquierda estatal, es constatable que desde estos tres partidos (Adelante Andaluc\u00eda, Naci\u00f3n Andaluza y Andaluc\u00eda por S\u00ed) se est\u00e1 construyendo poco a poco, la base de una izquierda andaluza real, con un marcado car\u00e1cter andalucista, que para nada contradice las directrices marcadas por Blas Infante y los andalucistas hist\u00f3ricos (algo que en Andaluc\u00eda ya es todo un logro, afirmar que se es \u201candalucista\u201d sin actuar en modo contrario, analicen sino las pol\u00edticas desplegadas por PSOE y PP).<\/p>\n\n\n\n<p>En el caso particular de Andaluc\u00eda por S\u00ed, est\u00e1 por ver si se impone esa simpat\u00eda por los pactos con el PP de Moreno Bonilla (Alejandro Rojas Marcos puso en bandeja al Presidente de la Junta su \u2018parip\u00e9\u2019 andalucista), o, sin embargo, desde el seno de la propia formaci\u00f3n se consigue marcar tambi\u00e9n un rumbo claro con pol\u00edticas de izquierdas, m\u00e1s o menos extremas, m\u00e1s o menos centradas, pero que dejen atr\u00e1s corrientes neoliberales y privatizadoras, que para nada caben en un proyecto andalucista real.<\/p>\n\n\n\n<p>Es claro que el crecimiento de todas estas formaciones, 100% andaluzas, est\u00e1 condicionado por la falta de recursos. Militancia y acceso a la representaci\u00f3n en las instituciones es algo fundamental para conseguir esos ingresos, ya que todos sus cargos contribuyen con parte de su sueldo al sustento del partido. Adem\u00e1s, la actual ley electoral, as\u00ed como el h\u00e1ndicap de no contar con medios de comunicaci\u00f3n afines de gran envergadura, como s\u00ed ocurre con los grandes partidos estatales, son una losa dif\u00edcil de levantar cuando se trata de competir de igual a igual en los procesos electorales.<\/p>\n\n\n\n<p>Sobre proyectos para Andaluc\u00eda podemos hablar largo y tendido.<\/p>\n\n\n\n<p>La falta de concreci\u00f3n de la Izquierda estatal en este sentido choca de frente con la claridad de ideas de los partidos \u2018andalucistas\u2019. Como idea fundamental de los segundos una directriz clara, \u201cmayor soberan\u00eda\u201d.<\/p>\n\n\n\n<p>Una mayor soberan\u00eda que pasa por recuperar el esp\u00edritu y el texto, para ponerlo en pr\u00e1ctica y no para guardarlo en un caj\u00f3n, de nuestro Estatuto Andaluz de Autonom\u00eda.<\/p>\n\n\n\n<p>Nuevamente no puedo dejar de hacer alusi\u00f3n a estos especiales d\u00edas, donde recordamos el asesinato de Blas Infante, para hacer menci\u00f3n a todas aquellas y aquellos que afirman que el sue\u00f1o del Padre de la Patr\u00eda Andaluza ya est\u00e1 cumplido.<\/p>\n\n\n\n<p>Y es que la hipocres\u00eda o la ignorancia campa por cualquier rinc\u00f3n. Andaluc\u00eda no tiene ni por asomo una autonom\u00eda de primera l\u00ednea, como s\u00ed pueden tener Catalu\u00f1a o el Pa\u00eds Vasco. Precisamente eso era lo que Blas Infante quer\u00eda, al no ver a los andaluces como inferiores frente a ning\u00fan otro territorio del Estado espa\u00f1ol.<\/p>\n\n\n\n<p>Nuestra debilidad pol\u00edtica, con ausencia de partidos netamente andaluces as\u00ed lo ha provocado.<\/p>\n\n\n\n<p>Y de todo esto s\u00f3lo hay un responsable, el propio Pueblo Andaluz. Dejarse regalar los o\u00eddos por los mensajeros del Poder Central no es un buen m\u00e9todo de corregir los problemas que tenemos aqu\u00ed en Andaluc\u00eda.<\/p>\n\n\n\n<div style=\"height:14px\" aria-hidden=\"true\" class=\"wp-block-spacer\"><\/div>\n\n\n\n<figure class=\"wp-block-gallery has-nested-images columns-default is-cropped wp-block-gallery-4 is-layout-flex wp-block-gallery-is-layout-flex\">\n<figure class=\"wp-block-image size-large\"><img loading=\"lazy\" decoding=\"async\" width=\"300\" height=\"168\" data-id=\"6542\" src=\"https:\/\/www.avenateandalu.com\/wp-content\/uploads\/2025\/08\/Maria-Jesus-Montero.jpg\" alt=\"\" class=\"wp-image-6542\"\/><\/figure>\n\n\n\n<figure class=\"wp-block-image size-large\"><img loading=\"lazy\" decoding=\"async\" width=\"293\" height=\"172\" data-id=\"6543\" src=\"https:\/\/www.avenateandalu.com\/wp-content\/uploads\/2025\/08\/Moreno.jpg\" alt=\"\" class=\"wp-image-6543\"\/><\/figure>\n<\/figure>\n\n\n\n<div style=\"height:15px\" aria-hidden=\"true\" class=\"wp-block-spacer\"><\/div>\n\n\n\n<p>Lastim\u00f3samente, de manera continua hemos sido embaucados por las propias andaluzas y andaluces militantes en esos partidos con hilos que se mueven desde Madrid. Personas que han conservado su puestos en la estructura de esos grandes partidos, a pesar del contemplar c\u00f3mo sus direcciones pactaban con terceros, acuerdos que para nada beneficiaban al Pueblo Andaluz, sino m\u00e1s bien, todo lo contrario, lo hund\u00eda en la miseria, autoconvenci\u00e9ndose de que la pol\u00edtica es as\u00ed, o simplemente haciendo prevalecer sus intereses personales.<\/p>\n\n\n\n<p>No, la pol\u00edtica no tiene por qu\u00e9 ser as\u00ed. Andaluc\u00eda necesita de una Izquierda Andaluza que verdaderamente recoja el testigo de Blas Infante, testigo que han pisoteado PSOE y PP con el benepl\u00e1cito de partidos muleta como IU y PA (a pesar de las buenas directrices seguidas en su primera etapa por este partido, que al perder su \u00abS\u00bb de PSA se apart\u00f3 tambi\u00e9n de su propio rumbo).<\/p>\n\n\n\n<p>La plaza de la Izquierda Andaluza, que ejerza como tal, ha estado hu\u00e9rfana demasiado tiempo.<\/p>\n\n\n\n<p>Esperanzas vanas puestas en l\u00edderes como Valderas, Maillo, Nieto o D\u00edaz, que no han hecho sino alejar a Andaluc\u00eda de un mayor autogobierno y pregonar ese \u2018gran pacto por Andaluc\u00eda\u2019 del que curiosamente nunca ha salido beneficiado el Pueblo Andaluz.<\/p>\n\n\n\n<p>Es sin duda hora de construir una nueva Izquierda Andaluza, libre de encadenamientos de obediencia a \u00f3rganos centrales en la capital de Espa\u00f1a. Una nueva Izquierda Andaluza, que verdaderamente desde ese Andalucismo real y militante, sea capaz de ejecutar reformas importantes en nuestro Sistema Productivo, en nuestra Sanidad, en nuestra Educaci\u00f3n, en nuestro Sistema Econ\u00f3mico y Social, en nuestras infraestructuras y servicios, y que permita de una vez por todas, que Andaluc\u00eda abandone el vag\u00f3n de cola del tren europeo, pero con un reparto justo y equitativo de riqueza.<\/p>\n\n\n\n<p>Quien no entienda esta situaci\u00f3n, no puede participar de este nuevo movimiento, simplemente porque ser\u00eda perpetuar lo que hemos tenido hasta ahora. Una izquierda contemplativa y espectadora, convidada de piedra, de las pol\u00edticas socioliberales desplegadas por PSOE primero,&nbsp; y pol\u00edticas neoliberales desplegadas por PP hoy en d\u00eda.<\/p>\n\n\n\n<p>Es por ello que la nueva campa\u00f1a lanzada para frenar el avance de la ultraderecha tiene las patas muy cortas si el proyecto que ofrece a Andaluc\u00eda est\u00e1 vac\u00edo de contenido. Toda la izquierda no se puede unir, si la Izquierda estatal \u00abno cree\u00bb en Andaluc\u00eda y en su autogobierno pleno.<\/p>\n\n\n\n<p>Finalmente, indicar que el aire fresco que traen las nuevas formaciones andaluzas puede verse frenado en seco si su intenci\u00f3n de cambio choca con los entresijos del manido sistema pol\u00edtico andaluz y espa\u00f1ol, dise\u00f1ados para su propia autodefensa, o si taras pasadas influyen en demas\u00eda en las gente joven que intenta abrir nuevas puertas de oportunidad para el Pueblo Andaluz desde estas j\u00f3venes formaciones.<\/p>\n\n\n\n<p>Para cerrar este humilde art\u00edculo, una observaci\u00f3n. La derecha nunca vota, como castigo del mal hacer de sus pol\u00edticos, a la izquierda y no suele faltar a las urnas. Su voto es constante y firme para sus l\u00edderes. &nbsp;A todos los votantes de izquierdas de Andaluc\u00eda, que segu\u00eds creyendo en un sistema de vida m\u00e1s justo y un reparto m\u00e1s equitativo que nos permita a todos mejorar nuestra calidad en nuestro d\u00eda a d\u00eda, seguid votando, ejerciendo vuestro libre y democr\u00e1tico derecho. Y si vot\u00e1is fuerzas 100% andaluzas, piezas esenciales para que Andaluc\u00eda recupere su sitio pol\u00edtico, mejor que mejor.<\/p>\n\n\n\n<p>\u00a1Viva Andaluc\u00eda Libre!<\/p>\n\n\n<div class=\"wp-block-image\">\n<figure class=\"aligncenter size-full\"><img loading=\"lazy\" decoding=\"async\" width=\"800\" height=\"439\" src=\"https:\/\/www.avenateandalu.com\/wp-content\/uploads\/2025\/02\/Reducida.jpg\" alt=\"\" class=\"wp-image-5713\" srcset=\"https:\/\/www.avenateandalu.com\/wp-content\/uploads\/2025\/02\/Reducida.jpg 800w, https:\/\/www.avenateandalu.com\/wp-content\/uploads\/2025\/02\/Reducida-300x165.jpg 300w, https:\/\/www.avenateandalu.com\/wp-content\/uploads\/2025\/02\/Reducida-768x421.jpg 768w\" sizes=\"auto, (max-width: 800px) 100vw, 800px\" \/><\/figure>\n<\/div>\n\n\n<div style=\"height:100px\" aria-hidden=\"true\" class=\"wp-block-spacer\"><\/div>\n\n\n\n<div class=\"wp-block-buttons is-layout-flex wp-block-buttons-is-layout-flex\">\n<div class=\"wp-block-button is-style-outline is-style-outline--5\"><a class=\"wp-block-button__link has-white-color has-text-color has-background wp-element-button\" href=\"https:\/\/www.avenateandalu.com\/\" style=\"border-radius:50px;background-color:#057831\">Volver a Inicio<\/a><\/div>\n\n\n\n<div class=\"wp-block-button is-style-outline is-style-outline--6\"><a class=\"wp-block-button__link has-white-color has-text-color has-background wp-element-button\" href=\"https:\/\/www.avenateandalu.com\/index.php\/politica-andaluza\/\" style=\"border-radius:50px;background-color:#057831\">Volver a Pol\u00edtica y Sociedad Andaluza<\/a><\/div>\n<\/div>\n<div class=\"likebtn_container\" style=\"\"><!-- LikeBtn.com BEGIN --><span class=\"likebtn-wrapper\"  data-identifier=\"post_6507\"  data-site_id=\"658af34a943ec97271c5d7cc\"  data-lang=\"es\"  data-white_label=\"true\"  data-style=\"\"  data-unlike_allowed=\"\"  data-show_copyright=\"\"  data-item_url=\"https:\/\/www.avenateandalu.com\/index.php\/2025\/08\/14\/la-izquierda-andaluza\/\"  data-item_title=\"La Izquierda Andaluza\"  data-item_image=\"https:\/\/www.avenateandalu.com\/wp-content\/uploads\/2023\/12\/GBfvM4WXYAEH4DN-1024x768.jpg\"  data-item_date=\"2025-08-14T12:16:55+00:00\"  data-engine=\"WordPress\"  data-plugin_v=\"2.6.58\"  data-prx=\"https:\/\/www.avenateandalu.com\/wp-admin\/admin-ajax.php?action=likebtn_prx\"  data-event_handler=\"likebtn_eh\" ><\/span><!-- LikeBtn.com END --><\/div>","protected":false},"excerpt":{"rendered":"<p>Autor: Francisco Jos\u00e9 Cansino D\u00edaz Hubo un tiempo en el que Andaluc\u00eda se gan\u00f3 el sobrenombre de \u201cLa Roja\u201d, color vinculado a las fuerzas pol\u00edticas socialistas, comunistas y andalucistas que se hicieron fuertes en organizaci\u00f3n a lo largo del suelo andaluz. Ha llovido mucho desde entonces. Hablemos de la izquierda andaluza actual, o mejor dicho, &#8230; <a title=\"La Izquierda Andaluza\" class=\"read-more\" href=\"https:\/\/www.avenateandalu.com\/index.php\/2025\/08\/14\/la-izquierda-andaluza\/\" aria-label=\"Leer m\u00e1s sobre La Izquierda Andaluza\">Leer m\u00e1s<\/a><\/p>\n<div class=\"likebtn_container\" style=\"\"><!-- LikeBtn.com BEGIN --><span class=\"likebtn-wrapper\"  data-identifier=\"post_6507\"  data-site_id=\"658af34a943ec97271c5d7cc\"  data-lang=\"es\"  data-white_label=\"true\"  data-style=\"\"  data-unlike_allowed=\"\"  data-show_copyright=\"\"  data-item_url=\"https:\/\/www.avenateandalu.com\/index.php\/2025\/08\/14\/la-izquierda-andaluza\/\"  data-item_title=\"La Izquierda Andaluza\"  data-item_image=\"https:\/\/www.avenateandalu.com\/wp-content\/uploads\/2023\/12\/GBfvM4WXYAEH4DN-1024x768.jpg\"  data-item_date=\"2025-08-14T12:16:55+00:00\"  data-engine=\"WordPress\"  data-plugin_v=\"2.6.58\"  data-prx=\"https:\/\/www.avenateandalu.com\/wp-admin\/admin-ajax.php?action=likebtn_prx\"  data-event_handler=\"likebtn_eh\" ><\/span><!-- LikeBtn.com END --><\/div>","protected":false},"author":1,"featured_media":1652,"comment_status":"open","ping_status":"open","sticky":false,"template":"","format":"standard","meta":{"_eb_attr":"","footnotes":""},"categories":[1],"tags":[],"class_list":["post-6507","post","type-post","status-publish","format-standard","has-post-thumbnail","hentry","category-uncategorized"],"rttpg_featured_image_url":{"full":["https:\/\/www.avenateandalu.com\/wp-content\/uploads\/2023\/12\/GBfvM4WXYAEH4DN.jpg",1080,810,false],"landscape":["https:\/\/www.avenateandalu.com\/wp-content\/uploads\/2023\/12\/GBfvM4WXYAEH4DN.jpg",1080,810,false],"portraits":["https:\/\/www.avenateandalu.com\/wp-content\/uploads\/2023\/12\/GBfvM4WXYAEH4DN.jpg",1080,810,false],"thumbnail":["https:\/\/www.avenateandalu.com\/wp-content\/uploads\/2023\/12\/GBfvM4WXYAEH4DN-150x150.jpg",150,150,true],"medium":["https:\/\/www.avenateandalu.com\/wp-content\/uploads\/2023\/12\/GBfvM4WXYAEH4DN-300x225.jpg",300,225,true],"large":["https:\/\/www.avenateandalu.com\/wp-content\/uploads\/2023\/12\/GBfvM4WXYAEH4DN-1024x768.jpg",1024,768,true],"1536x1536":["https:\/\/www.avenateandalu.com\/wp-content\/uploads\/2023\/12\/GBfvM4WXYAEH4DN.jpg",1080,810,false],"2048x2048":["https:\/\/www.avenateandalu.com\/wp-content\/uploads\/2023\/12\/GBfvM4WXYAEH4DN.jpg",1080,810,false]},"rttpg_author":{"display_name":"Avenate Andal\u00fa","author_link":"https:\/\/www.avenateandalu.com\/index.php\/author\/admin\/"},"rttpg_comment":0,"rttpg_category":"<a href=\"https:\/\/www.avenateandalu.com\/index.php\/category\/uncategorized\/\" rel=\"category tag\">Uncategorized<\/a>","rttpg_excerpt":"Autor: Francisco Jos\u00e9 Cansino D\u00edaz Hubo un tiempo en el que Andaluc\u00eda se gan\u00f3 el sobrenombre de \u201cLa Roja\u201d, color vinculado a las fuerzas pol\u00edticas socialistas, comunistas y andalucistas que se hicieron fuertes en organizaci\u00f3n a lo largo del suelo andaluz. Ha llovido mucho desde entonces. Hablemos de la izquierda andaluza actual, o mejor dicho,&hellip;","_links":{"self":[{"href":"https:\/\/www.avenateandalu.com\/index.php\/wp-json\/wp\/v2\/posts\/6507","targetHints":{"allow":["GET"]}}],"collection":[{"href":"https:\/\/www.avenateandalu.com\/index.php\/wp-json\/wp\/v2\/posts"}],"about":[{"href":"https:\/\/www.avenateandalu.com\/index.php\/wp-json\/wp\/v2\/types\/post"}],"author":[{"embeddable":true,"href":"https:\/\/www.avenateandalu.com\/index.php\/wp-json\/wp\/v2\/users\/1"}],"replies":[{"embeddable":true,"href":"https:\/\/www.avenateandalu.com\/index.php\/wp-json\/wp\/v2\/comments?post=6507"}],"version-history":[{"count":24,"href":"https:\/\/www.avenateandalu.com\/index.php\/wp-json\/wp\/v2\/posts\/6507\/revisions"}],"predecessor-version":[{"id":6548,"href":"https:\/\/www.avenateandalu.com\/index.php\/wp-json\/wp\/v2\/posts\/6507\/revisions\/6548"}],"wp:featuredmedia":[{"embeddable":true,"href":"https:\/\/www.avenateandalu.com\/index.php\/wp-json\/wp\/v2\/media\/1652"}],"wp:attachment":[{"href":"https:\/\/www.avenateandalu.com\/index.php\/wp-json\/wp\/v2\/media?parent=6507"}],"wp:term":[{"taxonomy":"category","embeddable":true,"href":"https:\/\/www.avenateandalu.com\/index.php\/wp-json\/wp\/v2\/categories?post=6507"},{"taxonomy":"post_tag","embeddable":true,"href":"https:\/\/www.avenateandalu.com\/index.php\/wp-json\/wp\/v2\/tags?post=6507"}],"curies":[{"name":"wp","href":"https:\/\/api.w.org\/{rel}","templated":true}]}}