{"id":6562,"date":"2026-05-02T15:01:45","date_gmt":"2026-05-02T15:01:45","guid":{"rendered":"https:\/\/www.avenateandalu.com\/?p=6562"},"modified":"2026-05-02T15:21:15","modified_gmt":"2026-05-02T15:21:15","slug":"averroes-el-pensador-andaluz-que-conecto-oriente-y-occidente","status":"publish","type":"post","link":"https:\/\/www.avenateandalu.com\/index.php\/2026\/05\/02\/averroes-el-pensador-andaluz-que-conecto-oriente-y-occidente\/","title":{"rendered":"Averroes, el pensador andaluz que conect\u00f3 Oriente y Occidente"},"content":{"rendered":"\n<p>Se cumplen 900 a\u00f1os del nacimiento en C\u00f3rdoba de <strong>Averroes<\/strong>, pensador andaluz de nombre completo <strong>Ab\u016b l-Wal\u012bd Muhammad ibn Ahmad ibn Muhammad ibn Ru\u0161d<\/strong>.<\/p>\n\n\n\n<p>Un hombre que no solo marcar\u00eda su tiempo, sino que acabar\u00eda influyendo en la historia intelectual de Europa y del mundo isl\u00e1mico durante siglos. Nueve siglos despu\u00e9s de su nacimiento, la figura de Averroes \u2014Ibn Rushd\u2014 sigue interpel\u00e1ndonos con una pregunta inc\u00f3moda: <strong>\u00bfqu\u00e9 ocurre cuando la raz\u00f3n choca contra el poder?<\/strong><\/p>\n\n\n\n<p>No estamos ante un personaje abstracto, encerrado en tratados polvorientos. Averroes fue juez, m\u00e9dico, pensador, ciudadano de su tiempo\u2026 y tambi\u00e9n un hombre que conoci\u00f3 el favor pol\u00edtico, la ca\u00edda en desgracia y el exilio. Su vida, como su obra, es un equilibrio inestable entre la inteligencia y la fragilidad humana.<\/p>\n\n\n\n<p><\/p>\n\n\n\n<p><strong>C\u00f3rdoba: el origen de una mente excepcional<\/strong><\/p>\n\n\n\n<p>Averroes naci\u00f3 en una C\u00f3rdoba que todav\u00eda conservaba el eco de su esplendor como uno de los centros culturales m\u00e1s importantes del mundo medieval. Proced\u00eda de una familia de juristas: su abuelo y su padre fueron cad\u00edes (jueces), lo que marc\u00f3 profundamente su formaci\u00f3n y su visi\u00f3n del mundo. <\/p>\n\n\n\n<div style=\"height:24px\" aria-hidden=\"true\" class=\"wp-block-spacer\"><\/div>\n\n\n<div class=\"wp-block-image\">\n<figure class=\"aligncenter size-full\"><img loading=\"lazy\" decoding=\"async\" width=\"800\" height=\"533\" src=\"https:\/\/www.avenateandalu.com\/wp-content\/uploads\/2026\/05\/bogitw-architecture-756147.jpg\" alt=\"\" class=\"wp-image-6568\" srcset=\"https:\/\/www.avenateandalu.com\/wp-content\/uploads\/2026\/05\/bogitw-architecture-756147.jpg 800w, https:\/\/www.avenateandalu.com\/wp-content\/uploads\/2026\/05\/bogitw-architecture-756147-300x200.jpg 300w, https:\/\/www.avenateandalu.com\/wp-content\/uploads\/2026\/05\/bogitw-architecture-756147-768x512.jpg 768w\" sizes=\"auto, (max-width: 800px) 100vw, 800px\" \/><figcaption class=\"wp-element-caption\">Fotograf\u00eda interior Mezquita de C\u00f3rdoba. Autor: Gerhard B\u00f6gner, Pixabay.<\/figcaption><\/figure>\n<\/div>\n\n\n<div style=\"height:32px\" aria-hidden=\"true\" class=\"wp-block-spacer\"><\/div>\n\n\n\n<p>Desde joven recibi\u00f3 una educaci\u00f3n rigurosa: derecho isl\u00e1mico, teolog\u00eda, medicina, filosof\u00eda. No fue un autodidacta rom\u00e1ntico, sino un producto brillante de una tradici\u00f3n intelectual consolidada. Y sin embargo, lo que le distingue no es solo lo que aprendi\u00f3, sino c\u00f3mo lo interpret\u00f3.<\/p>\n\n\n\n<p>Averroes vivi\u00f3 en una \u00e9poca en la que el conocimiento no estaba compartimentado. Un mismo hombre pod\u00eda ejercer como m\u00e9dico, jurista y fil\u00f3sofo. Esa amplitud no era una extravagancia, sino una necesidad: comprender el mundo exig\u00eda abordarlo desde m\u00faltiples perspectivas. Hoy dir\u00edamos que era un \u201chumanista total\u201d. Pero hay un matiz clave: no buscaba saber m\u00e1s, sino entender mejor. <\/p>\n\n\n\n<p><\/p>\n\n\n\n<p><strong>El hombre que explic\u00f3 a Arist\u00f3teles al mundo<\/strong><\/p>\n\n\n\n<p>Si Averroes ha pasado a la historia con un sobrenombre, es este: <strong>El Comentador<\/strong>. Y no es casualidad.<\/p>\n\n\n\n<p>Su gran proyecto intelectual fue interpretar y explicar la obra de Arist\u00f3teles. Pero no se trataba de repetirla. Su objetivo era hacerla comprensible dentro del mundo isl\u00e1mico\u2026 y, sin saberlo, acabar\u00eda haci\u00e9ndola accesible tambi\u00e9n para Europa. A petici\u00f3n del califa almohade, escribi\u00f3 comentarios sobre gran parte de la obra aristot\u00e9lica entre 1169 y 1195.<\/p>\n\n\n\n<p>Esto tuvo consecuencias enormes: durante siglos, muchos pensadores europeos conocieron a <strong>Arist\u00f3teles<\/strong> a trav\u00e9s de Averroes. Su influencia fue tan profunda que en la Europa medieval bastaba decir El Comentador para saber de qui\u00e9n se hablaba.<\/p>\n\n\n\n<p>Pero aqu\u00ed aparece el primer rasgo humano del personaje. Averroes no era un revolucionario que quisiera romper con la tradici\u00f3n religiosa. Al contrario. Su intenci\u00f3n era demostrar que la raz\u00f3n y la fe no eran enemigas. En su obra \u00abFasl al-Maqal\u00bb defend\u00eda que el <strong>estudio filos\u00f3fico<\/strong> no solo era leg\u00edtimo, sino necesario para comprender <strong>la ley religiosa<\/strong>:<\/p>\n\n\n\n<p>&#8211; \u00abLa verdad &#8211; sosten\u00eda- no puede contradecirse a s\u00ed misma\u00bb.<\/p>\n\n\n\n<p>Y sin embargo, esa idea \u2014aparentemente conciliadora\u2014 result\u00f3 explosiva.<\/p>\n\n\n\n<div style=\"height:28px\" aria-hidden=\"true\" class=\"wp-block-spacer\"><\/div>\n\n\n<div class=\"wp-block-image\">\n<figure class=\"aligncenter size-full\"><img loading=\"lazy\" decoding=\"async\" width=\"800\" height=\"533\" src=\"https:\/\/www.avenateandalu.com\/wp-content\/uploads\/2026\/05\/Recreacion-Averroes.jpg\" alt=\"\" class=\"wp-image-6569\" srcset=\"https:\/\/www.avenateandalu.com\/wp-content\/uploads\/2026\/05\/Recreacion-Averroes.jpg 800w, https:\/\/www.avenateandalu.com\/wp-content\/uploads\/2026\/05\/Recreacion-Averroes-300x200.jpg 300w, https:\/\/www.avenateandalu.com\/wp-content\/uploads\/2026\/05\/Recreacion-Averroes-768x512.jpg 768w\" sizes=\"auto, (max-width: 800px) 100vw, 800px\" \/><figcaption class=\"wp-element-caption\">Recreaci\u00f3n de Averrroes por IA (Chatgpt)<\/figcaption><\/figure>\n<\/div>\n\n\n<div style=\"height:27px\" aria-hidden=\"true\" class=\"wp-block-spacer\"><\/div>\n\n\n\n<p><strong>El conflicto: cuando pensar tiene consecuencias<\/strong><\/p>\n\n\n\n<p>A finales del siglo XII, el clima pol\u00edtico y religioso en Al-\u00c1ndalus y el mundo almohade cambi\u00f3. El poder necesitaba cohesi\u00f3n ideol\u00f3gica, y la filosof\u00eda \u2014con su tendencia a cuestionar\u2014 empez\u00f3 a ser vista como una amenaza. Averroes pas\u00f3 de ser un intelectual protegido por el poder a convertirse en sospechoso.<\/p>\n\n\n\n<p>En 1195 fue acusado, sus obras fueron condenadas e incluso algunas, quemadas, y el pensador cordob\u00e9s fue desterrado a Lucena.<\/p>\n\n\n\n<p>Este episodio revela mucho m\u00e1s que una simple persecuci\u00f3n intelectual. Nos habla de algo profundamente humano: <strong>la fragilidad del pensamiento frente a las estructuras de poder.<\/strong><\/p>\n\n\n\n<div style=\"height:32px\" aria-hidden=\"true\" class=\"wp-block-spacer\"><\/div>\n\n\n<div class=\"wp-block-image\">\n<figure class=\"aligncenter size-full is-resized\"><img loading=\"lazy\" decoding=\"async\" width=\"400\" height=\"340\" src=\"https:\/\/www.avenateandalu.com\/wp-content\/uploads\/2026\/05\/Global5.jpg\" alt=\"\" class=\"wp-image-6570\" style=\"width:400px;height:auto\" srcset=\"https:\/\/www.avenateandalu.com\/wp-content\/uploads\/2026\/05\/Global5.jpg 400w, https:\/\/www.avenateandalu.com\/wp-content\/uploads\/2026\/05\/Global5-300x255.jpg 300w\" sizes=\"auto, (max-width: 400px) 100vw, 400px\" \/><\/figure>\n<\/div>\n\n\n<div style=\"height:30px\" aria-hidden=\"true\" class=\"wp-block-spacer\"><\/div>\n\n\n\n<p>El mismo hombre que hab\u00eda sido m\u00e9dico de la corte y juez principal de C\u00f3rdoba se vio apartado, desacreditado, reducido a una sombra de s\u00ed mismo. Y aqu\u00ed aparece el segundo gran paralelismo con nuestro tiempo:<\/p>\n\n\n\n<p>Averroes no fue censurado por ser irrelevante, sino precisamente por lo contrario. Sus ideas eran peligrosas porque eran influyentes.<\/p>\n\n\n\n<p><\/p>\n\n\n\n<p><strong>El regreso y la muerte: el final de una vida compleja<\/strong><\/p>\n\n\n\n<p>Tras unos a\u00f1os, Averroes recuper\u00f3 parcialmente el favor del poder y regres\u00f3 a la corte en Marrakech. Pero su tiempo ya hab\u00eda pasado. Muri\u00f3 en 1198, lejos de su C\u00f3rdoba natal, aunque su cuerpo ser\u00eda trasladado posteriormente a la ciudad que lo vio nacer.<\/p>\n\n\n\n<p>Hay una imagen poderosa asociada a este traslado, recogida por la tradici\u00f3n: sus restos viajaban en una mula, equilibrados en un lado por sus libros y en el otro por su cuerpo. M\u00e1s all\u00e1 de su literalidad, la escena funciona como s\u00edmbolo perfecto: <strong>una vida en equilibrio entre el pensamiento y la existencia, entre la obra y el hombre.<\/strong><\/p>\n\n\n\n<div style=\"height:32px\" aria-hidden=\"true\" class=\"wp-block-spacer\"><\/div>\n\n\n<div class=\"wp-block-image\">\n<figure class=\"aligncenter size-full\"><img loading=\"lazy\" decoding=\"async\" width=\"538\" height=\"339\" src=\"https:\/\/www.avenateandalu.com\/wp-content\/uploads\/2026\/05\/Global3.jpg\" alt=\"\" class=\"wp-image-6571\" srcset=\"https:\/\/www.avenateandalu.com\/wp-content\/uploads\/2026\/05\/Global3.jpg 538w, https:\/\/www.avenateandalu.com\/wp-content\/uploads\/2026\/05\/Global3-300x189.jpg 300w\" sizes=\"auto, (max-width: 538px) 100vw, 538px\" \/><\/figure>\n<\/div>\n\n\n<p><\/p>\n\n\n\n<p><strong>Averroes y Europa: una influencia inesperada<\/strong><\/p>\n\n\n\n<p>Parad\u00f3jicamente, mientras su pensamiento encontraba resistencia en su propio contexto, en Europa comenzaba a expandirse con fuerza. Sus obras fueron traducidas al lat\u00edn y al hebreo, influyendo en pensadores como <strong>Tom\u00e1s de Aquino<\/strong> y dando lugar al llamado <strong>\u201caverro\u00edsmo latino\u201d<\/strong>.<\/p>\n\n\n\n<p>Pero esta recepci\u00f3n no fue pac\u00edfica. En 1277, varias tesis asociadas a su pensamiento fueron condenadas en Par\u00eds. Es decir:<\/p>\n\n\n\n<p><strong>Averroes fue inc\u00f3modo en el mundo isl\u00e1mico\u2026 y tambi\u00e9n en el cristiano.<\/strong><\/p>\n\n\n\n<p>No pertenec\u00eda del todo a ning\u00fan bando. Su lealtad no era a una ortodoxia, sino a un m\u00e9todo: <strong>la raz\u00f3n.<\/strong> Y el Poder no suele encontrarse muy c\u00f3modo cuando <strong>la raz\u00f3n<\/strong> le obliga a retratarse.<\/p>\n\n\n\n<div style=\"height:24px\" aria-hidden=\"true\" class=\"wp-block-spacer\"><\/div>\n\n\n<div class=\"wp-block-image\">\n<figure class=\"aligncenter size-full\"><img loading=\"lazy\" decoding=\"async\" width=\"644\" height=\"317\" src=\"https:\/\/www.avenateandalu.com\/wp-content\/uploads\/2026\/05\/Sala-Estudios.jpg\" alt=\"\" class=\"wp-image-6572\" srcset=\"https:\/\/www.avenateandalu.com\/wp-content\/uploads\/2026\/05\/Sala-Estudios.jpg 644w, https:\/\/www.avenateandalu.com\/wp-content\/uploads\/2026\/05\/Sala-Estudios-300x148.jpg 300w\" sizes=\"auto, (max-width: 644px) 100vw, 644px\" \/><\/figure>\n<\/div>\n\n\n<div style=\"height:35px\" aria-hidden=\"true\" class=\"wp-block-spacer\"><\/div>\n\n\n\n<p><strong>El Averroes humano: dudas, tensiones y contradicciones<\/strong><\/p>\n\n\n\n<p>Existe una tendencia a convertir a figuras como Averroes en s\u00edmbolos planos: el h\u00e9roe de la raz\u00f3n, el m\u00e1rtir del pensamiento. Pero eso simplifica en exceso su figura. Averroes fue tambi\u00e9n un hombre profundamente condicionado por su contexto. Trabaj\u00f3 dentro de estructuras de poder, intent\u00f3 conciliar posiciones enfrentadas, no rompi\u00f3 con la religi\u00f3n, sino que trat\u00f3 de interpretarla y acept\u00f3 cargos pol\u00edticos y jur\u00eddicos.<\/p>\n\n\n\n<p>Pero, incluso en sus escritos se percibe una tensi\u00f3n constante: la dificultad de ejercer como juez y, al mismo tiempo, desarrollar una filosof\u00eda que cuestiona interpretaciones literales de la ley. <\/p>\n\n\n\n<p>No era un \u00aboutsider\u00bb, revolucionario u opositor. Era alguien que dentro del propio sistema, trat\u00f3 de ampliarlo y mejorarlo. Quiz\u00e1 ah\u00ed reside su <strong>humanidad<\/strong> m\u00e1s reconocible: <strong>no fue perfecto, pero s\u00ed coherente con su b\u00fasqueda.<\/strong><\/p>\n\n\n\n<p><\/p>\n\n\n\n<p><strong>900 a\u00f1os despu\u00e9s: por qu\u00e9 Averroes sigue importando<\/strong><\/p>\n\n\n\n<p>En 2026 se cumplen 900 a\u00f1os de su nacimiento, y su figura vuelve a cobrar relevancia en un contexto global marcado por la polarizaci\u00f3n, la desinformaci\u00f3n y el conflicto entre creencias.<\/p>\n\n\n\n<p>\u00abUn reciente an\u00e1lisis lo define como s\u00edmbolo de racionalismo y di\u00e1logo entre culturas, destacando su idea de que la filosof\u00eda y la fe pueden coexistir sin anularse mutuamente.\u00bb -El Pa\u00eds.<\/p>\n\n\n\n<p>Este mensaje no es una reliquia medieval. Es una propuesta radicalmente contempor\u00e1nea.<\/p>\n\n\n\n<div style=\"height:36px\" aria-hidden=\"true\" class=\"wp-block-spacer\"><\/div>\n\n\n<div class=\"wp-block-image\">\n<figure class=\"aligncenter size-full\"><img loading=\"lazy\" decoding=\"async\" width=\"700\" height=\"467\" src=\"https:\/\/www.avenateandalu.com\/wp-content\/uploads\/2026\/05\/7753727-averroes-3092120.jpg\" alt=\"\" class=\"wp-image-6573\" srcset=\"https:\/\/www.avenateandalu.com\/wp-content\/uploads\/2026\/05\/7753727-averroes-3092120.jpg 700w, https:\/\/www.avenateandalu.com\/wp-content\/uploads\/2026\/05\/7753727-averroes-3092120-300x200.jpg 300w\" sizes=\"auto, (max-width: 700px) 100vw, 700px\" \/><\/figure>\n<\/div>\n\n\n<div style=\"height:34px\" aria-hidden=\"true\" class=\"wp-block-spacer\"><\/div>\n\n\n\n<p>Averroes defend\u00eda que:<\/p>\n\n\n\n<p>La verdad puede alcanzarse por diferentes caminos<\/p>\n\n\n\n<div class=\"wp-block-group\"><div class=\"wp-block-group__inner-container is-layout-constrained wp-block-group-is-layout-constrained\">\n<p>+La raz\u00f3n no es enemiga de la fe<\/p>\n\n\n\n<p>+El conocimiento debe ser interpretado, no impuesto<\/p>\n\n\n\n<p>+En una \u00e9poca de discursos simplistas, su pensamiento resulta inc\u00f3modo precisamente por su complejidad.<\/p>\n\n\n\n<p>+Un legado andaluz que interpela al presente<\/p>\n<\/div><\/div>\n\n\n\n<p>Para Andaluc\u00eda, Averroes no es solo una figura hist\u00f3rica. Es un espejo. Representa una tradici\u00f3n intelectual propia, muchas veces olvidada, que conecta esta tierra con grandes debates universales: <strong>la relaci\u00f3n entre ciencia y religi\u00f3n, entre poder y conocimiento, entre identidad y apertura.<\/strong><\/p>\n\n\n\n<p>Su vida nos deja una lecci\u00f3n que va m\u00e1s all\u00e1 de la filosof\u00eda: <strong>pensar tiene un coste, pero no pensar tiene consecuencias mayores.<\/strong><\/p>\n\n\n\n<p><\/p>\n\n\n\n<p><strong>Conclusi\u00f3n: entre el \u201cs\u00ed\u201d y el \u201cno\u201d<\/strong><\/p>\n\n\n\n<p>Hay una an\u00e9cdota famosa sobre un encuentro entre Averroes y el joven m\u00edstico <strong>Ibn Arabi<\/strong>. Ante una pregunta profunda, la respuesta fue: \u201cs\u00ed\u2026 y no\u201d.<\/p>\n\n\n\n<p>Ese \u201cs\u00ed y no\u201d resume perfectamente la figura de Averroes. <strong>S\u00ed a la raz\u00f3n<\/strong>, pero sin negar la fe. <strong>S\u00ed al conocimiento<\/strong>, pero dentro de un contexto pol\u00edtico. <strong>S\u00ed al pensamiento<\/strong>, pero con sus riesgos<\/p>\n\n\n\n<p>No fue un hombre de certezas absolutas, sino de equilibrios dif\u00edciles. Quiz\u00e1 por eso, 900 a\u00f1os despu\u00e9s, sigue siendo actual.<\/p>\n\n\n\n<div style=\"height:32px\" aria-hidden=\"true\" class=\"wp-block-spacer\"><\/div>\n\n\n<div class=\"wp-block-image\">\n<figure class=\"aligncenter size-full\"><img loading=\"lazy\" decoding=\"async\" width=\"750\" height=\"435\" src=\"https:\/\/www.avenateandalu.com\/wp-content\/uploads\/2024\/01\/cordoba_Puente-romano.jpg\" alt=\"\" class=\"wp-image-3035\" srcset=\"https:\/\/www.avenateandalu.com\/wp-content\/uploads\/2024\/01\/cordoba_Puente-romano.jpg 750w, https:\/\/www.avenateandalu.com\/wp-content\/uploads\/2024\/01\/cordoba_Puente-romano-300x174.jpg 300w\" sizes=\"auto, (max-width: 750px) 100vw, 750px\" \/><\/figure>\n<\/div>\n\n\n<div style=\"height:32px\" aria-hidden=\"true\" class=\"wp-block-spacer\"><\/div>\n\n\n\n<p>En esta Andaluc\u00eda nuestra del siglo XXI, donde no en pocos lugares ofrecemos homenajes a los episodios claves de la <strong>conquista castellana<\/strong>, protagonizada por los Reyes Cat\u00f3licos, quiz\u00e1s no estar\u00eda de m\u00e1s, acordarnos, en estas fechas, de uno de los hijos de Andaluc\u00eda m\u00e1s notables y con mayor reconocimiento internacional, en el 900 aniversario de su nacimiento. A diferencia de los primeros, su \u00abarma\u00bb fue el pensamiento, y su \u00aberror\u00bb, incomodar a la <strong>libertad de acci\u00f3n de los Poderes<\/strong> con la aplicaci\u00f3n de la raz\u00f3n.<\/p>\n\n\n\n<p>Fuentes: <\/p>\n\n\n\n<p>Bibliograf\u00eda:<\/p>\n\n\n\n<div class=\"wp-block-group\"><div class=\"wp-block-group__inner-container is-layout-constrained wp-block-group-is-layout-constrained\">\n<p>Fakhry, Majid \u2013 Averroes: His Life, Works and Influence<\/p>\n\n\n\n<p>Renan, Ernest \u2013 Averro\u00e8s et l\u2019averro\u00efsme<\/p>\n\n\n\n<p>Leaman, Oliver \u2013 Averroes and His Philosophy<\/p>\n\n\n\n<p>Rosenthal, E.I.J. \u2013 art\u00edculos en Encyclopedia Britannica<\/p>\n\n\n\n<p>Encyclopedia Britannica<\/p>\n\n\n\n<p>Dutton, Yasin \u2013 estudios sobre jurisprudencia de Averroes<\/p>\n\n\n\n<p>Puig Montada, Josep \u2013 estudios sobre filosof\u00eda andalus\u00ed<\/p>\n<\/div><\/div>\n\n\n\n<div style=\"height:28px\" aria-hidden=\"true\" class=\"wp-block-spacer\"><\/div>\n\n\n\n<div class=\"wp-block-buttons is-layout-flex wp-block-buttons-is-layout-flex\">\n<div class=\"wp-block-button is-style-outline is-style-outline--1\"><a class=\"wp-block-button__link has-white-color has-text-color has-background wp-element-button\" href=\"https:\/\/www.avenateandalu.com\/\" style=\"border-radius:50px;background-color:#057831\">Volver a Inicio<\/a><\/div>\n\n\n\n<div class=\"wp-block-button is-style-outline is-style-outline--2\"><a class=\"wp-block-button__link has-white-color has-text-color has-background wp-element-button\" href=\"https:\/\/www.avenateandalu.com\/index.php\/historia-andaluza\/\" style=\"border-radius:50px;background-color:#057831\">Volver a Historia Andaluza<\/a><\/div>\n<\/div>\n\n\n\n<p><\/p>\n<div class=\"likebtn_container\" style=\"\"><!-- LikeBtn.com BEGIN --><span class=\"likebtn-wrapper\"  data-identifier=\"post_6562\"  data-site_id=\"658af34a943ec97271c5d7cc\"  data-lang=\"es\"  data-white_label=\"true\"  data-style=\"\"  data-unlike_allowed=\"\"  data-show_copyright=\"\"  data-item_url=\"https:\/\/www.avenateandalu.com\/index.php\/2026\/05\/02\/averroes-el-pensador-andaluz-que-conecto-oriente-y-occidente\/\"  data-item_title=\"Averroes, el pensador andaluz que conect\u00f3 Oriente y Occidente\"  data-item_image=\"https:\/\/www.avenateandalu.com\/wp-content\/uploads\/2026\/05\/Global2.jpg\"  data-item_date=\"2026-05-02T15:01:45+00:00\"  data-engine=\"WordPress\"  data-plugin_v=\"2.6.59\"  data-prx=\"https:\/\/www.avenateandalu.com\/wp-admin\/admin-ajax.php?action=likebtn_prx\"  data-event_handler=\"likebtn_eh\" ><\/span><!-- LikeBtn.com END --><\/div>","protected":false},"excerpt":{"rendered":"<p>Se cumplen 900 a\u00f1os del nacimiento en C\u00f3rdoba de Averroes, pensador andaluz de nombre completo Ab\u016b l-Wal\u012bd Muhammad ibn Ahmad ibn Muhammad ibn Ru\u0161d. Un hombre que no solo marcar\u00eda su tiempo, sino que acabar\u00eda influyendo en la historia intelectual de Europa y del mundo isl\u00e1mico durante siglos. Nueve siglos despu\u00e9s de su nacimiento, la &#8230; <a title=\"Averroes, el pensador andaluz que conect\u00f3 Oriente y Occidente\" class=\"read-more\" href=\"https:\/\/www.avenateandalu.com\/index.php\/2026\/05\/02\/averroes-el-pensador-andaluz-que-conecto-oriente-y-occidente\/\" aria-label=\"Leer m\u00e1s sobre Averroes, el pensador andaluz que conect\u00f3 Oriente y Occidente\">Leer m\u00e1s<\/a><\/p>\n<div class=\"likebtn_container\" style=\"\"><!-- LikeBtn.com BEGIN --><span class=\"likebtn-wrapper\"  data-identifier=\"post_6562\"  data-site_id=\"658af34a943ec97271c5d7cc\"  data-lang=\"es\"  data-white_label=\"true\"  data-style=\"\"  data-unlike_allowed=\"\"  data-show_copyright=\"\"  data-item_url=\"https:\/\/www.avenateandalu.com\/index.php\/2026\/05\/02\/averroes-el-pensador-andaluz-que-conecto-oriente-y-occidente\/\"  data-item_title=\"Averroes, el pensador andaluz que conect\u00f3 Oriente y Occidente\"  data-item_image=\"https:\/\/www.avenateandalu.com\/wp-content\/uploads\/2026\/05\/Global2.jpg\"  data-item_date=\"2026-05-02T15:01:45+00:00\"  data-engine=\"WordPress\"  data-plugin_v=\"2.6.59\"  data-prx=\"https:\/\/www.avenateandalu.com\/wp-admin\/admin-ajax.php?action=likebtn_prx\"  data-event_handler=\"likebtn_eh\" ><\/span><!-- LikeBtn.com END --><\/div>","protected":false},"author":1,"featured_media":6567,"comment_status":"open","ping_status":"open","sticky":false,"template":"","format":"standard","meta":{"_eb_attr":"","footnotes":""},"categories":[19],"tags":[307,83,306],"class_list":["post-6562","post","type-post","status-publish","format-standard","has-post-thumbnail","hentry","category-historia","tag-filosofia-andaluza","tag-historiaandaluza","tag-pensadorandaluz"],"rttpg_featured_image_url":{"full":["https:\/\/www.avenateandalu.com\/wp-content\/uploads\/2026\/05\/Global2.jpg",493,340,false],"landscape":["https:\/\/www.avenateandalu.com\/wp-content\/uploads\/2026\/05\/Global2.jpg",493,340,false],"portraits":["https:\/\/www.avenateandalu.com\/wp-content\/uploads\/2026\/05\/Global2.jpg",493,340,false],"thumbnail":["https:\/\/www.avenateandalu.com\/wp-content\/uploads\/2026\/05\/Global2-150x150.jpg",150,150,true],"medium":["https:\/\/www.avenateandalu.com\/wp-content\/uploads\/2026\/05\/Global2-300x207.jpg",300,207,true],"large":["https:\/\/www.avenateandalu.com\/wp-content\/uploads\/2026\/05\/Global2.jpg",493,340,false],"1536x1536":["https:\/\/www.avenateandalu.com\/wp-content\/uploads\/2026\/05\/Global2.jpg",493,340,false],"2048x2048":["https:\/\/www.avenateandalu.com\/wp-content\/uploads\/2026\/05\/Global2.jpg",493,340,false]},"rttpg_author":{"display_name":"Avenate Andal\u00fa","author_link":"https:\/\/www.avenateandalu.com\/index.php\/author\/admin\/"},"rttpg_comment":0,"rttpg_category":"<a href=\"https:\/\/www.avenateandalu.com\/index.php\/category\/historia\/\" rel=\"category tag\">#HISTORIA<\/a>","rttpg_excerpt":"Se cumplen 900 a\u00f1os del nacimiento en C\u00f3rdoba de Averroes, pensador andaluz de nombre completo Ab\u016b l-Wal\u012bd Muhammad ibn Ahmad ibn Muhammad ibn Ru\u0161d. Un hombre que no solo marcar\u00eda su tiempo, sino que acabar\u00eda influyendo en la historia intelectual de Europa y del mundo isl\u00e1mico durante siglos. Nueve siglos despu\u00e9s de su nacimiento, la&hellip;","_links":{"self":[{"href":"https:\/\/www.avenateandalu.com\/index.php\/wp-json\/wp\/v2\/posts\/6562","targetHints":{"allow":["GET"]}}],"collection":[{"href":"https:\/\/www.avenateandalu.com\/index.php\/wp-json\/wp\/v2\/posts"}],"about":[{"href":"https:\/\/www.avenateandalu.com\/index.php\/wp-json\/wp\/v2\/types\/post"}],"author":[{"embeddable":true,"href":"https:\/\/www.avenateandalu.com\/index.php\/wp-json\/wp\/v2\/users\/1"}],"replies":[{"embeddable":true,"href":"https:\/\/www.avenateandalu.com\/index.php\/wp-json\/wp\/v2\/comments?post=6562"}],"version-history":[{"count":7,"href":"https:\/\/www.avenateandalu.com\/index.php\/wp-json\/wp\/v2\/posts\/6562\/revisions"}],"predecessor-version":[{"id":6584,"href":"https:\/\/www.avenateandalu.com\/index.php\/wp-json\/wp\/v2\/posts\/6562\/revisions\/6584"}],"wp:featuredmedia":[{"embeddable":true,"href":"https:\/\/www.avenateandalu.com\/index.php\/wp-json\/wp\/v2\/media\/6567"}],"wp:attachment":[{"href":"https:\/\/www.avenateandalu.com\/index.php\/wp-json\/wp\/v2\/media?parent=6562"}],"wp:term":[{"taxonomy":"category","embeddable":true,"href":"https:\/\/www.avenateandalu.com\/index.php\/wp-json\/wp\/v2\/categories?post=6562"},{"taxonomy":"post_tag","embeddable":true,"href":"https:\/\/www.avenateandalu.com\/index.php\/wp-json\/wp\/v2\/tags?post=6562"}],"curies":[{"name":"wp","href":"https:\/\/api.w.org\/{rel}","templated":true}]}}